{"id":6860,"date":"2015-09-07T14:58:54","date_gmt":"2015-09-07T19:58:54","guid":{"rendered":"https:\/\/emisora.univalle.edu.co\/\/?p=6860"},"modified":"2015-09-07T14:58:54","modified_gmt":"2015-09-07T19:58:54","slug":"historias-de-amor-en-casa-de-los-titeres","status":"publish","type":"post","link":"https:\/\/emisora.univalle.edu.co\/index.php\/historias-de-amor-en-casa-de-los-titeres\/","title":{"rendered":"Historias de Amor en Casa de los T\u00edteres"},"content":{"rendered":"<p><span style=\"line-height: 1.5em;\">El Peque\u00f1o Teatro de mu\u00f1ecos con sede en la Casa de los T\u00edteres de Cali ha sido invitado al tan importante, \u201cXVI Festival de Teatro de la Habana\u201d en Cuba con la obra Historias de Amor que sale por segunda vez este a\u00f1o a representar el pa\u00eds despu\u00e9s de su maravillosa participaci\u00f3n en el Festival de Bonecos en Bauru Brasil el pasado mes de mayo;<\/span><\/p>\n<p>Con motivo de esta invitaci\u00f3n, la Casa de los T\u00edteres ha programado una temporada especial de Historias de Amor para el p\u00fablico cale\u00f1o con el fin recaudar parte del dinero necesario para su participaci\u00f3n en el festival, en estas dos semanas esperamos que instituciones educativas, empresas y p\u00fablico general apoye el arte regional.<\/p>\n<p>Nuestro arte de calidad que a lo largo de los a\u00f1os ha mantenido las puertas abiertas de este hermoso lugar para miles y miles de familias que han tenido la oportunidad disfrutar de lo bello que hemos construido con esfuerzo, sudor y sobre todo con mucho cari\u00f1o para que\u00a0 el arte del Teatro de T\u00edteres no muera en la ciudad y en nosotros, el arte de seguir siendo ni\u00f1os. Les presentamos nuestra programaci\u00f3n<\/p>\n<p>Temporada Historias de Amor<\/p>\n<p><b>P\u00fablico Familiar<\/b><\/p>\n<p>Septiembre<\/p>\n<p>S\u00e1bado 12<\/p>\n<p>Hora 4:00 p.m<\/p>\n<p>Domingos 13<\/p>\n<p>Hora 11:00 a.m<\/p>\n<p>Info y reservas 8938450 8922445<\/p>\n<p>Cra 9 No 4 \u2013 55 San Antonio<\/p>\n<p>www.casadelostiteres.com<\/p>\n<p><b>Para Jardines y Colegios<\/b><\/p>\n<p>Septiembre 10, 11, 17 y 18 (jueves y viernes)<\/p>\n<p>Hora 9:30 a.m<\/p>\n<p>Nombre del espect\u00e1culo: Historias de Amor<\/p>\n<p>Tipo de espect\u00e1culo: Teatro de T\u00edteres<\/p>\n<p>Nombre de la Compa\u00f1\u00eda: Peque\u00f1o Teatro de Mu\u00f1ecos<\/p>\n<p>Director: Gerardo Potes<\/p>\n<p>Duraci\u00f3n del espect\u00e1culo: 50 minutos<\/p>\n<p>T\u00e9cnica: Gui\u00f1ol, Marots<\/p>\n<p>P\u00fablico: Familiar<\/p>\n<p>Fuente: Comunicaciones Casa t\u00edteres<\/p>\n","protected":false},"excerpt":{"rendered":"<p>El Peque\u00f1o Teatro de mu\u00f1ecos con sede en la Casa de los T\u00edteres de Cali ha sido invitado al tan importante, \u201cXVI Festival de Teatro de la Habana\u201d en Cuba con la obra Historias de Amor que sale por segunda vez este a\u00f1o a representar el pa\u00eds despu\u00e9s de su[&#8230;]<\/p>\n","protected":false},"author":1,"featured_media":6842,"comment_status":"open","ping_status":"open","sticky":false,"template":"","format":"standard","meta":{"footnotes":""},"categories":[4],"tags":[],"_links":{"self":[{"href":"https:\/\/emisora.univalle.edu.co\/index.php\/wp-json\/wp\/v2\/posts\/6860"}],"collection":[{"href":"https:\/\/emisora.univalle.edu.co\/index.php\/wp-json\/wp\/v2\/posts"}],"about":[{"href":"https:\/\/emisora.univalle.edu.co\/index.php\/wp-json\/wp\/v2\/types\/post"}],"author":[{"embeddable":true,"href":"https:\/\/emisora.univalle.edu.co\/index.php\/wp-json\/wp\/v2\/users\/1"}],"replies":[{"embeddable":true,"href":"https:\/\/emisora.univalle.edu.co\/index.php\/wp-json\/wp\/v2\/comments?post=6860"}],"version-history":[{"count":1,"href":"https:\/\/emisora.univalle.edu.co\/index.php\/wp-json\/wp\/v2\/posts\/6860\/revisions"}],"predecessor-version":[{"id":6861,"href":"https:\/\/emisora.univalle.edu.co\/index.php\/wp-json\/wp\/v2\/posts\/6860\/revisions\/6861"}],"wp:featuredmedia":[{"embeddable":true,"href":"https:\/\/emisora.univalle.edu.co\/index.php\/wp-json\/wp\/v2\/media\/6842"}],"wp:attachment":[{"href":"https:\/\/emisora.univalle.edu.co\/index.php\/wp-json\/wp\/v2\/media?parent=6860"}],"wp:term":[{"taxonomy":"category","embeddable":true,"href":"https:\/\/emisora.univalle.edu.co\/index.php\/wp-json\/wp\/v2\/categories?post=6860"},{"taxonomy":"post_tag","embeddable":true,"href":"https:\/\/emisora.univalle.edu.co\/index.php\/wp-json\/wp\/v2\/tags?post=6860"}],"curies":[{"name":"wp","href":"https:\/\/api.w.org\/{rel}","templated":true}]}}