{"id":6864,"date":"2015-09-07T15:02:07","date_gmt":"2015-09-07T20:02:07","guid":{"rendered":"https:\/\/emisora.univalle.edu.co\/\/?p=6864"},"modified":"2015-09-07T15:02:07","modified_gmt":"2015-09-07T20:02:07","slug":"avanzan-mesas-de-concertacion-para-construccion-de-politica-publica-de-bilinguismo","status":"publish","type":"post","link":"https:\/\/emisora.univalle.edu.co\/index.php\/avanzan-mesas-de-concertacion-para-construccion-de-politica-publica-de-bilinguismo\/","title":{"rendered":"Avanzan Mesas de concertaci\u00f3n para construcci\u00f3n de Pol\u00edtica P\u00fablica de Biling\u00fcismo"},"content":{"rendered":"<p><span style=\"line-height: 1.5em;\">Con la participaci\u00f3n de representantes del sector acad\u00e9mico, empresarial, p\u00fablico y privado de los municipios de Cartago, Alcal\u00e1, Ansermanuevo, Argelia, El \u00c1guila, El Cairo, y Ulloa; se llev\u00f3 a cabo la mesa de concertaci\u00f3n participativa para la construcci\u00f3n de la pol\u00edtica p\u00fablica de Bilinguismo del Valle del Cauca.<\/span><\/p>\n<p>Jos\u00e9 Gustavo Padilla Orozco, secretario de educaci\u00f3n departamental, precis\u00f3 que, \u201cla mesa de concertaci\u00f3n trabaj\u00f3 sectores estrat\u00e9gicos, entre ellos: educativo, empresarial y territorial, urbano, rural e institucional. Fueron priorizados proyectos que permitir\u00e1n la consolidaci\u00f3n del plan de acci\u00f3n de la pol\u00edtica p\u00fablica durante este proceso continuo que se realizar\u00e1 en las pr\u00f3ximas mesas regionales, incluyendo a municipios certificados y no certificados\u201d.<\/p>\n<p><a href=\"https:\/\/emisora.univalle.edu.co\/\/wp-content\/uploads\/2015\/09\/bilinguismo-El-Pa\u00eds.jpg\" data-lightbox=\"gal[6864]\"><img loading=\"lazy\" decoding=\"async\" class=\" wp-image-6846 alignleft\" alt=\"bilinguismo El Pa\u00eds\" src=\"https:\/\/emisora.univalle.edu.co\/\/wp-content\/uploads\/2015\/09\/bilinguismo-El-Pa\u00eds.jpg\" width=\"549\" height=\"283\" srcset=\"https:\/\/emisora.univalle.edu.co\/wp-content\/uploads\/2015\/09\/bilinguismo-El-Pa\u00eds.jpg 915w, https:\/\/emisora.univalle.edu.co\/wp-content\/uploads\/2015\/09\/bilinguismo-El-Pa\u00eds-300x154.jpg 300w, https:\/\/emisora.univalle.edu.co\/wp-content\/uploads\/2015\/09\/bilinguismo-El-Pa\u00eds-438x225.jpg 438w\" sizes=\"(max-width: 549px) 100vw, 549px\" \/><\/a>El Secretario Padilla manifest\u00f3 que, en el sector educativo priorizaron diferentes acciones, entre ellas, garantizar el 100% de los docentes del \u00e1rea de ingl\u00e9s en las instituciones educativas p\u00fablicas en preescolar, b\u00e1sica primaria, secundaria y media. Igualmente, la formaci\u00f3n y capacitaci\u00f3n en nivel B2; la metodolog\u00eda de ense\u00f1anza (par\u00e1metros metodol\u00f3gicos), plataforma virtual, (base de datos, red de maestros de biling\u00fcismo, pedagog\u00eda) y la adecuaci\u00f3n de aulas inteligentes y dotaci\u00f3n de material did\u00e1ctico para el mejoramiento de los ambientes de aprendizaje.<\/p>\n<p>Para el sector empresarial, el funcionario destac\u00f3 las alianzas estrat\u00e9gicas, motivaci\u00f3n y capacitaci\u00f3n empresarial y el programa \u2018outgoing tourist\u2019. En el sector territorial, urbano, rural e institucional predominaron la capacitaci\u00f3n de personal tur\u00edstico; se\u00f1alizaci\u00f3n biling\u00fce y la realizaci\u00f3n de actividades culturales en el fortalecimiento e intercambio del ingl\u00e9s.<\/p>\n<p>Durante la jornada se hicieron presentes voceros de las instituciones educativas convocadas; universidades; juventudes; servidores de la secretar\u00eda de educaci\u00f3n y de cultura; as\u00ed como la participaci\u00f3n del diputado Ramiro Rivera Villa.<\/p>\n<p>Fuente: Comunicaciones Gobernaci\u00f3n<\/p>\n<p>Foto: Archivo El Pa\u00eds<\/p>\n","protected":false},"excerpt":{"rendered":"<p>Con la participaci\u00f3n de representantes del sector acad\u00e9mico, empresarial, p\u00fablico y privado de los municipios de Cartago, Alcal\u00e1, Ansermanuevo, Argelia, El \u00c1guila, El Cairo, y Ulloa; se llev\u00f3 a cabo la mesa de concertaci\u00f3n participativa para la construcci\u00f3n de la pol\u00edtica p\u00fablica de Bilinguismo del Valle del Cauca. Jos\u00e9 Gustavo[&#8230;]<\/p>\n","protected":false},"author":1,"featured_media":6847,"comment_status":"open","ping_status":"open","sticky":false,"template":"","format":"standard","meta":{"footnotes":""},"categories":[4],"tags":[],"_links":{"self":[{"href":"https:\/\/emisora.univalle.edu.co\/index.php\/wp-json\/wp\/v2\/posts\/6864"}],"collection":[{"href":"https:\/\/emisora.univalle.edu.co\/index.php\/wp-json\/wp\/v2\/posts"}],"about":[{"href":"https:\/\/emisora.univalle.edu.co\/index.php\/wp-json\/wp\/v2\/types\/post"}],"author":[{"embeddable":true,"href":"https:\/\/emisora.univalle.edu.co\/index.php\/wp-json\/wp\/v2\/users\/1"}],"replies":[{"embeddable":true,"href":"https:\/\/emisora.univalle.edu.co\/index.php\/wp-json\/wp\/v2\/comments?post=6864"}],"version-history":[{"count":1,"href":"https:\/\/emisora.univalle.edu.co\/index.php\/wp-json\/wp\/v2\/posts\/6864\/revisions"}],"predecessor-version":[{"id":6865,"href":"https:\/\/emisora.univalle.edu.co\/index.php\/wp-json\/wp\/v2\/posts\/6864\/revisions\/6865"}],"wp:featuredmedia":[{"embeddable":true,"href":"https:\/\/emisora.univalle.edu.co\/index.php\/wp-json\/wp\/v2\/media\/6847"}],"wp:attachment":[{"href":"https:\/\/emisora.univalle.edu.co\/index.php\/wp-json\/wp\/v2\/media?parent=6864"}],"wp:term":[{"taxonomy":"category","embeddable":true,"href":"https:\/\/emisora.univalle.edu.co\/index.php\/wp-json\/wp\/v2\/categories?post=6864"},{"taxonomy":"post_tag","embeddable":true,"href":"https:\/\/emisora.univalle.edu.co\/index.php\/wp-json\/wp\/v2\/tags?post=6864"}],"curies":[{"name":"wp","href":"https:\/\/api.w.org\/{rel}","templated":true}]}}