{"id":6868,"date":"2015-09-07T15:04:22","date_gmt":"2015-09-07T20:04:22","guid":{"rendered":"https:\/\/emisora.univalle.edu.co\/\/?p=6868"},"modified":"2015-09-07T15:04:22","modified_gmt":"2015-09-07T20:04:22","slug":"con-apoyo-de-la-alcaldia-termino-torneo-de-la-mancha-amarilla","status":"publish","type":"post","link":"https:\/\/emisora.univalle.edu.co\/index.php\/con-apoyo-de-la-alcaldia-termino-torneo-de-la-mancha-amarilla\/","title":{"rendered":"Con apoyo de la Alcald\u00eda, termin\u00f3 Torneo de La Mancha Amarilla"},"content":{"rendered":"<p><span style=\"line-height: 1.5em;\">Con respaldo de la Alcald\u00eda de Santiago de Cali, a trav\u00e9s de la Secretar\u00eda de Deporte y Recreaci\u00f3n, culmin\u00f3\u00a0 el torneo \u2018Copa Am\u00e9rica de la Mancha Amarilla\u2019, en f\u00fatbol cinco, realizado por el gremio de los taxistas de la ciudad.<\/span><\/p>\n<p><a href=\"https:\/\/emisora.univalle.edu.co\/\/wp-content\/uploads\/2015\/09\/Mancha-amarilla2.jpg\" data-lightbox=\"gal[6868]\"><img loading=\"lazy\" decoding=\"async\" class=\"alignright  wp-image-6837\" alt=\"Mancha amarilla2\" src=\"https:\/\/emisora.univalle.edu.co\/\/wp-content\/uploads\/2015\/09\/Mancha-amarilla2.jpg\" width=\"469\" height=\"226\" srcset=\"https:\/\/emisora.univalle.edu.co\/wp-content\/uploads\/2015\/09\/Mancha-amarilla2.jpg 670w, https:\/\/emisora.univalle.edu.co\/wp-content\/uploads\/2015\/09\/Mancha-amarilla2-300x144.jpg 300w, https:\/\/emisora.univalle.edu.co\/wp-content\/uploads\/2015\/09\/Mancha-amarilla2-438x211.jpg 438w\" sizes=\"(max-width: 469px) 100vw, 469px\" \/><\/a>El evento, que hace parte del compromiso de la Administraci\u00f3n Municipal de apoyar actividades recreativas para el aprovechamiento del tiempo libre y el mejoramiento de la calidad de vida, cont\u00f3 con la participaci\u00f3n activa de 400 conductores y una asistencia cercana a las 2000 personas, durante los 3 meses de ejecuci\u00f3n del programa.<\/p>\n<p>El t\u00edtulo fue para la selecci\u00f3n de Cuba y el subt\u00edtulo para la selecci\u00f3n de Ecuador, durante la final disputada en las canchas del \u2018Diablo Azteca\u2019.<\/p>\n<p>La Secretar\u00eda de Deporte y Recreaci\u00f3n, a trav\u00e9s de la organizaci\u00f3n liderada por el vocero de los taxistas, Jhony R\u00e1ngel, premi\u00f3 a los ganadores con bonos, representados en implementaci\u00f3n deportiva.<\/p>\n<p>El evento sirvi\u00f3 tambi\u00e9n de integraci\u00f3n de los amarillitos y sus familias\u00a0 y como homenaje a la Virgen del Carmen, la patrona de los conductores.<\/p>\n<p>Fuente: Comunicaciones Alcald\u00eda<\/p>\n<p><a href=\"https:\/\/emisora.univalle.edu.co\/\/wp-content\/uploads\/2015\/09\/Mancha-amarilla1.jpg\" data-lightbox=\"gal[6868]\"><img loading=\"lazy\" decoding=\"async\" class=\"alignright size-full wp-image-6836\" alt=\"Mancha amarilla1\" src=\"https:\/\/emisora.univalle.edu.co\/\/wp-content\/uploads\/2015\/09\/Mancha-amarilla1.jpg\" width=\"670\" height=\"323\" srcset=\"https:\/\/emisora.univalle.edu.co\/wp-content\/uploads\/2015\/09\/Mancha-amarilla1.jpg 670w, https:\/\/emisora.univalle.edu.co\/wp-content\/uploads\/2015\/09\/Mancha-amarilla1-300x144.jpg 300w, https:\/\/emisora.univalle.edu.co\/wp-content\/uploads\/2015\/09\/Mancha-amarilla1-438x211.jpg 438w\" sizes=\"(max-width: 670px) 100vw, 670px\" \/><\/a><\/p>\n","protected":false},"excerpt":{"rendered":"<p>Con respaldo de la Alcald\u00eda de Santiago de Cali, a trav\u00e9s de la Secretar\u00eda de Deporte y Recreaci\u00f3n, culmin\u00f3\u00a0 el torneo \u2018Copa Am\u00e9rica de la Mancha Amarilla\u2019, en f\u00fatbol cinco, realizado por el gremio de los taxistas de la ciudad. El evento, que hace parte del compromiso de la Administraci\u00f3n[&#8230;]<\/p>\n","protected":false},"author":1,"featured_media":6835,"comment_status":"open","ping_status":"open","sticky":false,"template":"","format":"standard","meta":{"footnotes":""},"categories":[4],"tags":[],"_links":{"self":[{"href":"https:\/\/emisora.univalle.edu.co\/index.php\/wp-json\/wp\/v2\/posts\/6868"}],"collection":[{"href":"https:\/\/emisora.univalle.edu.co\/index.php\/wp-json\/wp\/v2\/posts"}],"about":[{"href":"https:\/\/emisora.univalle.edu.co\/index.php\/wp-json\/wp\/v2\/types\/post"}],"author":[{"embeddable":true,"href":"https:\/\/emisora.univalle.edu.co\/index.php\/wp-json\/wp\/v2\/users\/1"}],"replies":[{"embeddable":true,"href":"https:\/\/emisora.univalle.edu.co\/index.php\/wp-json\/wp\/v2\/comments?post=6868"}],"version-history":[{"count":1,"href":"https:\/\/emisora.univalle.edu.co\/index.php\/wp-json\/wp\/v2\/posts\/6868\/revisions"}],"predecessor-version":[{"id":6869,"href":"https:\/\/emisora.univalle.edu.co\/index.php\/wp-json\/wp\/v2\/posts\/6868\/revisions\/6869"}],"wp:featuredmedia":[{"embeddable":true,"href":"https:\/\/emisora.univalle.edu.co\/index.php\/wp-json\/wp\/v2\/media\/6835"}],"wp:attachment":[{"href":"https:\/\/emisora.univalle.edu.co\/index.php\/wp-json\/wp\/v2\/media?parent=6868"}],"wp:term":[{"taxonomy":"category","embeddable":true,"href":"https:\/\/emisora.univalle.edu.co\/index.php\/wp-json\/wp\/v2\/categories?post=6868"},{"taxonomy":"post_tag","embeddable":true,"href":"https:\/\/emisora.univalle.edu.co\/index.php\/wp-json\/wp\/v2\/tags?post=6868"}],"curies":[{"name":"wp","href":"https:\/\/api.w.org\/{rel}","templated":true}]}}