{"id":6872,"date":"2015-09-07T15:10:08","date_gmt":"2015-09-07T20:10:08","guid":{"rendered":"https:\/\/emisora.univalle.edu.co\/\/?p=6872"},"modified":"2015-09-07T15:11:18","modified_gmt":"2015-09-07T20:11:18","slug":"juegos-deportivos-del-valle-del-cauca-palmira-2015-en-plena-competencia","status":"publish","type":"post","link":"https:\/\/emisora.univalle.edu.co\/index.php\/juegos-deportivos-del-valle-del-cauca-palmira-2015-en-plena-competencia\/","title":{"rendered":"Juegos Deportivos del Valle del Cauca \u00abPalmira 2015\u00bb, en plena competencia"},"content":{"rendered":"<p><span style=\"line-height: 1.5em;\">Con un estadio colmado por la ciudadan\u00eda de Palmira y con los deportistas de los 37 municipios participantes en el gramado del Francisco Rivera Escobar, el gobernador del Valle del Cauca, Ubeimar Delgado Bland\u00f3n, declar\u00f3 oficialmente inaugurados los XX Juegos Deportivos del Departamento y los III Paradepartamentales, que se desarrollaran hasta el pr\u00f3ximo domingo 13 de septiembre en la Villa de las Palmas.<a href=\"https:\/\/emisora.univalle.edu.co\/\/wp-content\/uploads\/2015\/09\/Juegos-Departamentales1.jpg\" data-lightbox=\"gal[6872]\"><img loading=\"lazy\" decoding=\"async\" class=\"alignright size-full wp-image-6834\" alt=\"S\" src=\"https:\/\/emisora.univalle.edu.co\/\/wp-content\/uploads\/2015\/09\/Juegos-Departamentales1.jpg\" width=\"448\" height=\"279\" srcset=\"https:\/\/emisora.univalle.edu.co\/wp-content\/uploads\/2015\/09\/Juegos-Departamentales1.jpg 448w, https:\/\/emisora.univalle.edu.co\/wp-content\/uploads\/2015\/09\/Juegos-Departamentales1-300x186.jpg 300w, https:\/\/emisora.univalle.edu.co\/wp-content\/uploads\/2015\/09\/Juegos-Departamentales1-438x272.jpg 438w\" sizes=\"(max-width: 448px) 100vw, 448px\" \/><\/a><\/span><\/p>\n<p>En el acto el director de Coldeportes, Andr\u00e9s Botero entreg\u00f3 la pista sint\u00e9tica de seis carriles prometida por el presidente Juan Manuel Santos a este municipio.<\/p>\n<p>Luis Carlos Lucum\u00ed, excampe\u00f3n panamericano de lanzamiento de jabalina ingreso al estadio con el fuego ol\u00edmpico y se lo entreg\u00f3 al subcampe\u00f3n panamericano de ciclismo en pista Santiago Quintero, quien encendi\u00f3 el pebetero. Previamente la subcampeona mundial de levantamiento de pesas categor\u00eda sub-17, Manuela Berrio, hizo la promesa de los deportistas.<\/p>\n<p>Al cierre de las primeras jornadas as\u00ed va la medaller\u00eda.<\/p>\n<p>&nbsp;<\/p>\n<p>&nbsp;<\/p>\n<p>&nbsp;<\/p>\n<p style=\"text-align: center;\"><a href=\"https:\/\/emisora.univalle.edu.co\/\/wp-content\/uploads\/2015\/09\/Cuadro.gif\" data-lightbox=\"gal[6872]\"><img loading=\"lazy\" decoding=\"async\" class=\"size-full wp-image-6874 aligncenter\" alt=\"Cuadro\" src=\"https:\/\/emisora.univalle.edu.co\/\/wp-content\/uploads\/2015\/09\/Cuadro.gif\" width=\"576\" height=\"804\" \/><\/a><\/p>\n","protected":false},"excerpt":{"rendered":"<p>Con un estadio colmado por la ciudadan\u00eda de Palmira y con los deportistas de los 37 municipios participantes en el gramado del Francisco Rivera Escobar, el gobernador del Valle del Cauca, Ubeimar Delgado Bland\u00f3n, declar\u00f3 oficialmente inaugurados los XX Juegos Deportivos del Departamento y los III Paradepartamentales, que se desarrollaran[&#8230;]<\/p>\n","protected":false},"author":1,"featured_media":6832,"comment_status":"open","ping_status":"open","sticky":false,"template":"","format":"standard","meta":{"footnotes":""},"categories":[4],"tags":[],"_links":{"self":[{"href":"https:\/\/emisora.univalle.edu.co\/index.php\/wp-json\/wp\/v2\/posts\/6872"}],"collection":[{"href":"https:\/\/emisora.univalle.edu.co\/index.php\/wp-json\/wp\/v2\/posts"}],"about":[{"href":"https:\/\/emisora.univalle.edu.co\/index.php\/wp-json\/wp\/v2\/types\/post"}],"author":[{"embeddable":true,"href":"https:\/\/emisora.univalle.edu.co\/index.php\/wp-json\/wp\/v2\/users\/1"}],"replies":[{"embeddable":true,"href":"https:\/\/emisora.univalle.edu.co\/index.php\/wp-json\/wp\/v2\/comments?post=6872"}],"version-history":[{"count":3,"href":"https:\/\/emisora.univalle.edu.co\/index.php\/wp-json\/wp\/v2\/posts\/6872\/revisions"}],"predecessor-version":[{"id":6877,"href":"https:\/\/emisora.univalle.edu.co\/index.php\/wp-json\/wp\/v2\/posts\/6872\/revisions\/6877"}],"wp:featuredmedia":[{"embeddable":true,"href":"https:\/\/emisora.univalle.edu.co\/index.php\/wp-json\/wp\/v2\/media\/6832"}],"wp:attachment":[{"href":"https:\/\/emisora.univalle.edu.co\/index.php\/wp-json\/wp\/v2\/media?parent=6872"}],"wp:term":[{"taxonomy":"category","embeddable":true,"href":"https:\/\/emisora.univalle.edu.co\/index.php\/wp-json\/wp\/v2\/categories?post=6872"},{"taxonomy":"post_tag","embeddable":true,"href":"https:\/\/emisora.univalle.edu.co\/index.php\/wp-json\/wp\/v2\/tags?post=6872"}],"curies":[{"name":"wp","href":"https:\/\/api.w.org\/{rel}","templated":true}]}}