{"id":6889,"date":"2015-09-07T15:50:27","date_gmt":"2015-09-07T20:50:27","guid":{"rendered":"https:\/\/emisora.univalle.edu.co\/\/?p=6889"},"modified":"2015-09-07T15:50:27","modified_gmt":"2015-09-07T20:50:27","slug":"acceso-restringido-edificio-de-san-luis-por-desprendimiento-de-fachada","status":"publish","type":"post","link":"https:\/\/emisora.univalle.edu.co\/index.php\/acceso-restringido-edificio-de-san-luis-por-desprendimiento-de-fachada\/","title":{"rendered":"Acceso restringido a edificio de San Luis por desprendimiento de fachada"},"content":{"rendered":"<p><span style=\"line-height: 1.5em;\">Debido al desprendimiento de partes de la fachada del Edificio de San Luis, el acceso a la Asamblea Departamental y a las dependencias que funcionan en este inmueble fue restringido mediante el acordonamiento de su entrada.\u00a0 La medida se tom\u00f3 con el prop\u00f3sito de que la ca\u00edda de escombros, ocasionada por el deterioro de la construcci\u00f3n, no afecte a transe\u00fantes y veh\u00edculos que circulan por la Calle 9\u00aa con Carrera 8\u00aa.<\/span><\/p>\n<p>Al respecto el Presidente de la Corporaci\u00f3n Luis Enrique Ruiz Mill\u00e1n hizo un llamado al Gobierno para que en cumplimiento de la Ordenanza 396 de 2014 -Presupuesto 2015- \u201cdisponga como lo manda el Art\u00edculo 26, el mantenimiento de la edificaci\u00f3n cuyo propietario es el Departamento del Valle del Cauca\u201d<a href=\"https:\/\/emisora.univalle.edu.co\/\/wp-content\/uploads\/2015\/09\/Edificio-San-Luis1.jpg\" data-lightbox=\"gal[6889]\"><img loading=\"lazy\" decoding=\"async\" class=\"alignright size-full wp-image-6888\" alt=\"Edificio San Luis1\" src=\"https:\/\/emisora.univalle.edu.co\/\/wp-content\/uploads\/2015\/09\/Edificio-San-Luis1.jpg\" width=\"620\" height=\"300\" srcset=\"https:\/\/emisora.univalle.edu.co\/wp-content\/uploads\/2015\/09\/Edificio-San-Luis1.jpg 620w, https:\/\/emisora.univalle.edu.co\/wp-content\/uploads\/2015\/09\/Edificio-San-Luis1-300x145.jpg 300w, https:\/\/emisora.univalle.edu.co\/wp-content\/uploads\/2015\/09\/Edificio-San-Luis1-438x211.jpg 438w\" sizes=\"(max-width: 620px) 100vw, 620px\" \/><\/a><\/p>\n","protected":false},"excerpt":{"rendered":"<p>Debido al desprendimiento de partes de la fachada del Edificio de San Luis, el acceso a la Asamblea Departamental y a las dependencias que funcionan en este inmueble fue restringido mediante el acordonamiento de su entrada.\u00a0 La medida se tom\u00f3 con el prop\u00f3sito de que la ca\u00edda de escombros, ocasionada[&#8230;]<\/p>\n","protected":false},"author":1,"featured_media":6887,"comment_status":"open","ping_status":"open","sticky":false,"template":"","format":"standard","meta":{"footnotes":""},"categories":[4],"tags":[],"_links":{"self":[{"href":"https:\/\/emisora.univalle.edu.co\/index.php\/wp-json\/wp\/v2\/posts\/6889"}],"collection":[{"href":"https:\/\/emisora.univalle.edu.co\/index.php\/wp-json\/wp\/v2\/posts"}],"about":[{"href":"https:\/\/emisora.univalle.edu.co\/index.php\/wp-json\/wp\/v2\/types\/post"}],"author":[{"embeddable":true,"href":"https:\/\/emisora.univalle.edu.co\/index.php\/wp-json\/wp\/v2\/users\/1"}],"replies":[{"embeddable":true,"href":"https:\/\/emisora.univalle.edu.co\/index.php\/wp-json\/wp\/v2\/comments?post=6889"}],"version-history":[{"count":1,"href":"https:\/\/emisora.univalle.edu.co\/index.php\/wp-json\/wp\/v2\/posts\/6889\/revisions"}],"predecessor-version":[{"id":6890,"href":"https:\/\/emisora.univalle.edu.co\/index.php\/wp-json\/wp\/v2\/posts\/6889\/revisions\/6890"}],"wp:featuredmedia":[{"embeddable":true,"href":"https:\/\/emisora.univalle.edu.co\/index.php\/wp-json\/wp\/v2\/media\/6887"}],"wp:attachment":[{"href":"https:\/\/emisora.univalle.edu.co\/index.php\/wp-json\/wp\/v2\/media?parent=6889"}],"wp:term":[{"taxonomy":"category","embeddable":true,"href":"https:\/\/emisora.univalle.edu.co\/index.php\/wp-json\/wp\/v2\/categories?post=6889"},{"taxonomy":"post_tag","embeddable":true,"href":"https:\/\/emisora.univalle.edu.co\/index.php\/wp-json\/wp\/v2\/tags?post=6889"}],"curies":[{"name":"wp","href":"https:\/\/api.w.org\/{rel}","templated":true}]}}