{"id":6891,"date":"2015-09-08T08:00:35","date_gmt":"2015-09-08T13:00:35","guid":{"rendered":"https:\/\/emisora.univalle.edu.co\/\/?p=6891"},"modified":"2015-09-07T16:06:52","modified_gmt":"2015-09-07T21:06:52","slug":"inician-trabajos-en-zonas-desafectadas-en-la-interconexion-vial-aguablanca","status":"publish","type":"post","link":"https:\/\/emisora.univalle.edu.co\/index.php\/inician-trabajos-en-zonas-desafectadas-en-la-interconexion-vial-aguablanca\/","title":{"rendered":"Inician trabajos en zonas desafectadas en la Interconexi\u00f3n vial Aguablanca"},"content":{"rendered":"<p><span style=\"line-height: 1.5em;\">En aproximadamente tres semanas la Troncal de Aguablanca operar\u00e1 normalmente por los carriles mixtos del costado occidental.\u00a0 El inicio de\u00a0 los trabajos en 1.027 m2 de zonas verdes aleda\u00f1as a la Terminal Intermedia Calipso,\u00a0 permitir\u00e1n mejorar las condiciones de movilidad de la Autopista Sim\u00f3n Bol\u00edvar.<\/span><\/p>\n<p>Dentro de las actividades a ejecutarse se encuentran el suministro, transporte y colocaci\u00f3n de aproximadamente 242 m3 de concreto hidr\u00e1ulico, para la construcci\u00f3n de 56 losas de pavimento r\u00edgido. Asimismo, 8 losas de pavimento r\u00edgido sobre la calzada \u2018Solo Bus\u2019 del costado occidental.an&gt;<\/p>\n<p>Al t\u00e9rmino de las obras, los usuarios del MIO y la comunidad en general podr\u00e1n hacer uso de la interconexi\u00f3n vial, permitiendo mejorar la calidad de vida de los habitantes del sector, la seguridad, la movilidad y la cobertura del servicio del transporte masivo.\u00a0 El Consorcio Cape \u2013 G63, es el encargado de adelantar los trabajos.<\/p>\n<p>Vale la pena recordar, que las losas de pavimento a construirse correspond\u00edan a zonas verdes debidamente cedidas al Municipio, para lo cual la empresa gestora del MIO inici\u00f3 un proceso de desafectaci\u00f3n de dichas zonas ante el Concejo de Cali, hasta su aprobaci\u00f3n el pasado 14 de agosto.<\/p>\n<p>Ello implic\u00f3 la generaci\u00f3n de nuevas zonas verdes en el sector, con el prop\u00f3sito de compensar las \u00e1reas desafectadas, las cuales ya fueron construidas y entregadas para el disfrute de la comunidad.<\/p>\n<p>Fuente: Comunicaciones Metrocali<\/p>\n","protected":false},"excerpt":{"rendered":"<p>En aproximadamente tres semanas la Troncal de Aguablanca operar\u00e1 normalmente por los carriles mixtos del costado occidental.\u00a0 El inicio de\u00a0 los trabajos en 1.027 m2 de zonas verdes aleda\u00f1as a la Terminal Intermedia Calipso,\u00a0 permitir\u00e1n mejorar las condiciones de movilidad de la Autopista Sim\u00f3n Bol\u00edvar. Dentro de las actividades a[&#8230;]<\/p>\n","protected":false},"author":1,"featured_media":6229,"comment_status":"open","ping_status":"open","sticky":false,"template":"","format":"standard","meta":{"footnotes":""},"categories":[4],"tags":[],"_links":{"self":[{"href":"https:\/\/emisora.univalle.edu.co\/index.php\/wp-json\/wp\/v2\/posts\/6891"}],"collection":[{"href":"https:\/\/emisora.univalle.edu.co\/index.php\/wp-json\/wp\/v2\/posts"}],"about":[{"href":"https:\/\/emisora.univalle.edu.co\/index.php\/wp-json\/wp\/v2\/types\/post"}],"author":[{"embeddable":true,"href":"https:\/\/emisora.univalle.edu.co\/index.php\/wp-json\/wp\/v2\/users\/1"}],"replies":[{"embeddable":true,"href":"https:\/\/emisora.univalle.edu.co\/index.php\/wp-json\/wp\/v2\/comments?post=6891"}],"version-history":[{"count":1,"href":"https:\/\/emisora.univalle.edu.co\/index.php\/wp-json\/wp\/v2\/posts\/6891\/revisions"}],"predecessor-version":[{"id":6892,"href":"https:\/\/emisora.univalle.edu.co\/index.php\/wp-json\/wp\/v2\/posts\/6891\/revisions\/6892"}],"wp:featuredmedia":[{"embeddable":true,"href":"https:\/\/emisora.univalle.edu.co\/index.php\/wp-json\/wp\/v2\/media\/6229"}],"wp:attachment":[{"href":"https:\/\/emisora.univalle.edu.co\/index.php\/wp-json\/wp\/v2\/media?parent=6891"}],"wp:term":[{"taxonomy":"category","embeddable":true,"href":"https:\/\/emisora.univalle.edu.co\/index.php\/wp-json\/wp\/v2\/categories?post=6891"},{"taxonomy":"post_tag","embeddable":true,"href":"https:\/\/emisora.univalle.edu.co\/index.php\/wp-json\/wp\/v2\/tags?post=6891"}],"curies":[{"name":"wp","href":"https:\/\/api.w.org\/{rel}","templated":true}]}}