{"id":6917,"date":"2015-09-08T15:40:18","date_gmt":"2015-09-08T20:40:18","guid":{"rendered":"https:\/\/emisora.univalle.edu.co\/\/?p=6917"},"modified":"2015-09-08T15:40:18","modified_gmt":"2015-09-08T20:40:18","slug":"gobierno-nacional-declara-cali-como-territorio-libre-de-analfabetismo","status":"publish","type":"post","link":"https:\/\/emisora.univalle.edu.co\/index.php\/gobierno-nacional-declara-cali-como-territorio-libre-de-analfabetismo\/","title":{"rendered":"Gobierno Nacional declara a Cali como Territorio Libre de Analfabetismo"},"content":{"rendered":"<p><span style=\"line-height: 1.5em;\">Como parte de la celebraci\u00f3n del D\u00eda Internacional de la Alfabetizaci\u00f3n, el Gobierno Nacional a trav\u00e9s del Ministerio de Educaci\u00f3n, entregar\u00e1 el reconocimiento \u2018Territorio libre de Analfabetismo\u2019, al alcalde de Cali, Rodrigo Guerrero Velasco, y al secretario de Educaci\u00f3n de \u00e9ste municipio.<\/span><\/p>\n<p>La ceremonia de entrega de dicho reconocimiento se llevar\u00e1 a cabo en Bogot\u00e1, donde tambi\u00e9n recibir\u00e1n la exaltaci\u00f3n Ibagu\u00e9, Villavicencio y Tunja, reconocidos todos por el trabajo realizado con comunidades rurales y urbanas para reducir la tasa nacional de analfabetismo.<\/p>\n<p>Este resultado es producto de acciones articuladas entre el sector p\u00fablico y privado con la colaboraci\u00f3n de entidades como Ecopetrol, el Sena y la Organizaci\u00f3n de Estados Iberoamericanos (OEI), entre otras, que desde el 2014 se comprometieron para que j\u00f3venes mayores de 15 a\u00f1os y adultos iletrados recibieran un proceso de formaci\u00f3n en competencias b\u00e1sicas de lenguaje, matem\u00e1ticas, ciencias sociales y naturales y competencias ciudadanas.<\/p>\n<p>Asimismo, la iniciativa ha contado con el apoyo de la sociedad civil, el sector pol\u00edtico y empresarial, por lo que el Gobierno Nacional ha realizado una inversi\u00f3n cercana a los\u00a0 $60.000 millones, beneficiando a m\u00e1s de 400.000 j\u00f3venes y adultos alfabetizados en Colombia, avanzando de esta manera en la reducci\u00f3n de la brecha de la desigualdad en el pa\u00eds.<\/p>\n<p>Como se recordar\u00e1, as\u00ed lo expres\u00f3 el primer mandatario en el a\u00f1o 2014 durante el lanzamiento del Programa \u00b4Colombia Libre de Analfabetismo. \u201cNos hemos propuesto hacer de Colombia el pa\u00eds m\u00e1s educado de Am\u00e9rica Latina en el a\u00f1o 2025 y vamos por el camino correcto\u201d.<\/p>\n<p><b>Educaci\u00f3n de Cali le apost\u00f3 a un territorio libre de analfabetismo<\/b><\/p>\n<p><a href=\"https:\/\/emisora.univalle.edu.co\/\/wp-content\/uploads\/2015\/09\/Secretario-de-Educaci\u00f3n.jpg\" data-lightbox=\"gal[6917]\"><img loading=\"lazy\" decoding=\"async\" class=\" wp-image-6910 alignleft\" alt=\"Secretario de Educaci\u00f3n\" src=\"https:\/\/emisora.univalle.edu.co\/\/wp-content\/uploads\/2015\/09\/Secretario-de-Educaci\u00f3n.jpg\" width=\"432\" height=\"324\" srcset=\"https:\/\/emisora.univalle.edu.co\/wp-content\/uploads\/2015\/09\/Secretario-de-Educaci\u00f3n.jpg 480w, https:\/\/emisora.univalle.edu.co\/wp-content\/uploads\/2015\/09\/Secretario-de-Educaci\u00f3n-300x225.jpg 300w, https:\/\/emisora.univalle.edu.co\/wp-content\/uploads\/2015\/09\/Secretario-de-Educaci\u00f3n-438x328.jpg 438w\" sizes=\"(max-width: 432px) 100vw, 432px\" \/><\/a>Declarar a Santiago de Cali como una \u2018Ciudad Libre de Analfabetismo\u2019 es validado por el Ministerio de Educaci\u00f3n Nacional,\u00a0 teniendo en cuenta que el municipio se encuentra por debajo del 4 %.<\/p>\n<p>Lo anterior, se afirma gracias a la Gran Encuesta Integrada de Hogares \u2013GEIH- que arroja al municipio de Cali y su \u00e1rea metropolitana (Palmira, Yumbo, Jamund\u00ed, Florida,\u00a0 Pradera, Candelaria y Dagua) con un 2,6 % de analfabetismo, ubic\u00e1ndolo como sexto a nivel nacional, mientras que el departamento del Valle\u00a0 del Cauca llega a un 4%.<\/p>\n<p>Sumado a esto y de acuerdo con informaci\u00f3n del Sisb\u00e9n, en 2014 Cali reportaba un 1,3 % de personas mayores de 15 a\u00f1os sin ning\u00fan nivel educativo alcanzado, ni grados de educaci\u00f3n aprobado y que adem\u00e1s no asist\u00edan a establecimiento educativo alguno; de estos, 24.319 habitan los Territorios de Inclusi\u00f3n y Oportunidades, TIOS, es decir, son poblaci\u00f3n vulnerable.<\/p>\n<p>Sin embargo, en un ejercicio conjunto para combatir esta gran dificultad en la mencionada poblaci\u00f3n, la Administraci\u00f3n cale\u00f1a ha destinado importantes recursos a la financiaci\u00f3n de un proyecto de alfabetizaci\u00f3n integral con enfoque al desarrollo humano, desde acciones l\u00fadicas, y el trabajo colaborativo, sin descuidar la educaci\u00f3n emocional.<\/p>\n<p>Es as\u00ed como con el proyecto \u2018Impulso\u2019 se otorga un paquete de conocimientos esenciales para la vida, beneficiando a 70 Instituciones Educativas Oficiales que ofertan a la comunidad el nivel de Adultos en Ciclo Lectivos Especiales Integrados, que se desarrollan en jornadas nocturnas, sabatinas y dominicales.<\/p>\n<p>Finalmente, al referirse sobre este importante logro alcanzado, el secretario de Educaci\u00f3n de Cali manifiesta a los cale\u00f1os: \u201cCumplimos. Ma\u00f1ana Mineducaci\u00f3n declarar\u00e1 a Cali territorio libre de analfabetismo\u201d, demostrando que la uni\u00f3n de las fuerzas y voluntades nos permite Construir Hoy la Cali del Ma\u00f1ana.<\/p>\n<p>Fuentes: Ministerio de Educaci\u00f3n Nacional, Comunicaciones Alcald\u00eda<\/p>\n","protected":false},"excerpt":{"rendered":"<p>Como parte de la celebraci\u00f3n del D\u00eda Internacional de la Alfabetizaci\u00f3n, el Gobierno Nacional a trav\u00e9s del Ministerio de Educaci\u00f3n, entregar\u00e1 el reconocimiento \u2018Territorio libre de Analfabetismo\u2019, al alcalde de Cali, Rodrigo Guerrero Velasco, y al secretario de Educaci\u00f3n de \u00e9ste municipio. La ceremonia de entrega de dicho reconocimiento se[&#8230;]<\/p>\n","protected":false},"author":1,"featured_media":6894,"comment_status":"open","ping_status":"open","sticky":false,"template":"","format":"standard","meta":{"footnotes":""},"categories":[4],"tags":[],"_links":{"self":[{"href":"https:\/\/emisora.univalle.edu.co\/index.php\/wp-json\/wp\/v2\/posts\/6917"}],"collection":[{"href":"https:\/\/emisora.univalle.edu.co\/index.php\/wp-json\/wp\/v2\/posts"}],"about":[{"href":"https:\/\/emisora.univalle.edu.co\/index.php\/wp-json\/wp\/v2\/types\/post"}],"author":[{"embeddable":true,"href":"https:\/\/emisora.univalle.edu.co\/index.php\/wp-json\/wp\/v2\/users\/1"}],"replies":[{"embeddable":true,"href":"https:\/\/emisora.univalle.edu.co\/index.php\/wp-json\/wp\/v2\/comments?post=6917"}],"version-history":[{"count":1,"href":"https:\/\/emisora.univalle.edu.co\/index.php\/wp-json\/wp\/v2\/posts\/6917\/revisions"}],"predecessor-version":[{"id":6918,"href":"https:\/\/emisora.univalle.edu.co\/index.php\/wp-json\/wp\/v2\/posts\/6917\/revisions\/6918"}],"wp:featuredmedia":[{"embeddable":true,"href":"https:\/\/emisora.univalle.edu.co\/index.php\/wp-json\/wp\/v2\/media\/6894"}],"wp:attachment":[{"href":"https:\/\/emisora.univalle.edu.co\/index.php\/wp-json\/wp\/v2\/media?parent=6917"}],"wp:term":[{"taxonomy":"category","embeddable":true,"href":"https:\/\/emisora.univalle.edu.co\/index.php\/wp-json\/wp\/v2\/categories?post=6917"},{"taxonomy":"post_tag","embeddable":true,"href":"https:\/\/emisora.univalle.edu.co\/index.php\/wp-json\/wp\/v2\/tags?post=6917"}],"curies":[{"name":"wp","href":"https:\/\/api.w.org\/{rel}","templated":true}]}}