{"id":6919,"date":"2015-09-08T15:42:15","date_gmt":"2015-09-08T20:42:15","guid":{"rendered":"https:\/\/emisora.univalle.edu.co\/\/?p=6919"},"modified":"2015-09-08T15:42:15","modified_gmt":"2015-09-08T20:42:15","slug":"convocatoria-al-taller-de-oferta-institucional-sobre-derechos-humanos-trata-de-personas-atencion-al-migrante-y-retornados","status":"publish","type":"post","link":"https:\/\/emisora.univalle.edu.co\/index.php\/convocatoria-al-taller-de-oferta-institucional-sobre-derechos-humanos-trata-de-personas-atencion-al-migrante-y-retornados\/","title":{"rendered":"Convocatoria al Taller de \u201cOferta Institucional sobre Derechos Humanos, Trata de Personas, Atenci\u00f3n al Migrante y Retornados\u201d"},"content":{"rendered":"<p><span style=\"line-height: 1.5em;\">El Gobierno Departamental en cabeza de Ubeimar Delgado Bland\u00f3n, con el \u00e1nimo de dar cumplimiento a las metas del Plan de Desarrollo \u201cVallecaucanos hag\u00e1moslo Bien 2012 \u2013 2015\u201d, ha implementado varias campa\u00f1as de Prevenci\u00f3n y Sensibilizaci\u00f3n contra La Trata de Personas y Migraci\u00f3n Irregular en sitios estrat\u00e9gicos del Valle del Cauca.<\/span><\/p>\n<p>Por tal motivo, con el apoyo y la direccionalidad del secretario de Gobierno Departamental, Orlando Riascos Ocampo y de la subsecretaria de Convivencia y Seguridad, Rosse Mary Cabal Franco, se llevar\u00e1 a cabo en el centro de encuentro en Cartago, el 10 de septiembre de 2015, a partir de las 8:30 A.M, hasta las 11:30 A.M, en el Auditorio de la universidad del Valle,\u00a0 el Taller \u201cOferta Institucional\u201d Sobre Derechos Humanos, Trata de Personas, Atenci\u00f3n al Migrante y Retornados, los cuales se socializar\u00e1n con la Sub-Regi\u00f3n del Norte del Valle.<\/p>\n<p>Al evento est\u00e1n convocados los municipios de Ulloa, Alcal\u00e1, Obando, Ansermanuevo, El Cairo, Argelia, y El \u00c1guila.<\/p>\n<p>El Taller va dirigido a los alcaldes, al Comandante de la Polic\u00eda Nacional, a los secretarios de Gobierno, personeros, secretarios de Salud, Educaci\u00f3n, Desarrollo Social de dichas municipalidades, as\u00ed mismo, si tienen creadas las \u201cfiguras\u201d de los Personeritos en sus Centro Educativos, deben ser convocados, como tambi\u00e9n, el Taller ser\u00e1 articulado con un Colegio de Educaci\u00f3n Superior para realizar con el alumnado la campa\u00f1a de prevenci\u00f3n en Trata de Personas, a j\u00f3venes de los grados 11 y 12, los cuales \u201cmuestran\u201d gran vulnerabilidad dentro de\u00a0 las Redes de los traficantes de \u201cseres\u201d humanos.<\/p>\n<p>\u201cEste es el primer Taller que se trabajar\u00e1 con las Sub-Regiones, que configuran geogr\u00e1ficamente el Territorio del Departamento del Valle del Cauca, y estaremos dando cumplimiento al Plan de Desarrollo, Hag\u00e1moslo Bien, propuesto por nuestro Gobernador Doctor Ubeimar Delgado Bland\u00f3n\u201d, asever\u00f3 el alto funcionario Orlando Riascos.<\/p>\n<p>Fuente: Comunicaciones Gobernaci\u00f3n<\/p>\n","protected":false},"excerpt":{"rendered":"<p>El Gobierno Departamental en cabeza de Ubeimar Delgado Bland\u00f3n, con el \u00e1nimo de dar cumplimiento a las metas del Plan de Desarrollo \u201cVallecaucanos hag\u00e1moslo Bien 2012 \u2013 2015\u201d, ha implementado varias campa\u00f1as de Prevenci\u00f3n y Sensibilizaci\u00f3n contra La Trata de Personas y Migraci\u00f3n Irregular en sitios estrat\u00e9gicos del Valle del[&#8230;]<\/p>\n","protected":false},"author":1,"featured_media":6911,"comment_status":"open","ping_status":"open","sticky":false,"template":"","format":"standard","meta":{"footnotes":""},"categories":[4],"tags":[],"_links":{"self":[{"href":"https:\/\/emisora.univalle.edu.co\/index.php\/wp-json\/wp\/v2\/posts\/6919"}],"collection":[{"href":"https:\/\/emisora.univalle.edu.co\/index.php\/wp-json\/wp\/v2\/posts"}],"about":[{"href":"https:\/\/emisora.univalle.edu.co\/index.php\/wp-json\/wp\/v2\/types\/post"}],"author":[{"embeddable":true,"href":"https:\/\/emisora.univalle.edu.co\/index.php\/wp-json\/wp\/v2\/users\/1"}],"replies":[{"embeddable":true,"href":"https:\/\/emisora.univalle.edu.co\/index.php\/wp-json\/wp\/v2\/comments?post=6919"}],"version-history":[{"count":1,"href":"https:\/\/emisora.univalle.edu.co\/index.php\/wp-json\/wp\/v2\/posts\/6919\/revisions"}],"predecessor-version":[{"id":6920,"href":"https:\/\/emisora.univalle.edu.co\/index.php\/wp-json\/wp\/v2\/posts\/6919\/revisions\/6920"}],"wp:featuredmedia":[{"embeddable":true,"href":"https:\/\/emisora.univalle.edu.co\/index.php\/wp-json\/wp\/v2\/media\/6911"}],"wp:attachment":[{"href":"https:\/\/emisora.univalle.edu.co\/index.php\/wp-json\/wp\/v2\/media?parent=6919"}],"wp:term":[{"taxonomy":"category","embeddable":true,"href":"https:\/\/emisora.univalle.edu.co\/index.php\/wp-json\/wp\/v2\/categories?post=6919"},{"taxonomy":"post_tag","embeddable":true,"href":"https:\/\/emisora.univalle.edu.co\/index.php\/wp-json\/wp\/v2\/tags?post=6919"}],"curies":[{"name":"wp","href":"https:\/\/api.w.org\/{rel}","templated":true}]}}