{"id":6927,"date":"2015-09-08T15:47:06","date_gmt":"2015-09-08T20:47:06","guid":{"rendered":"https:\/\/emisora.univalle.edu.co\/\/?p=6927"},"modified":"2015-09-08T15:47:06","modified_gmt":"2015-09-08T20:47:06","slug":"acuavalle-inicia-racionamiento-de-agua-en-la-cumbre","status":"publish","type":"post","link":"https:\/\/emisora.univalle.edu.co\/index.php\/acuavalle-inicia-racionamiento-de-agua-en-la-cumbre\/","title":{"rendered":"Acuavalle inicia racionamiento de agua en La Cumbre"},"content":{"rendered":"<p><span style=\"line-height: 1.5em;\">A partir de hoy y durante 11 horas diarias, Acuavalle S.A. E.S.P. iniciar\u00e1 la suspensi\u00f3n del servicio de agua potable en La Cumbre, cuyo sistema de abastecimiento se ha visto seriamente afectado por el Fen\u00f3meno del Ni\u00f1o.<\/span><\/p>\n<p>As\u00ed qued\u00f3 establecido luego que el mandatario local, Jorge Barrera Barco, expidiera los decretos 164 y 165, en los que se adoptaban medidas tendientes al uso eficiente y ahorro del agua y prevenci\u00f3n de incendios en su municipio, y elevara una petici\u00f3n expresa a Acuavalle, para que implementara la medida.<\/p>\n<p><a href=\"https:\/\/emisora.univalle.edu.co\/\/wp-content\/uploads\/2015\/09\/La-Cumbre1.jpg\" data-lightbox=\"gal[6927]\"><img loading=\"lazy\" decoding=\"async\" class=\" wp-image-6905 alignleft\" alt=\"La Cumbre1\" src=\"https:\/\/emisora.univalle.edu.co\/\/wp-content\/uploads\/2015\/09\/La-Cumbre1.jpg\" width=\"448\" height=\"299\" srcset=\"https:\/\/emisora.univalle.edu.co\/wp-content\/uploads\/2015\/09\/La-Cumbre1.jpg 800w, https:\/\/emisora.univalle.edu.co\/wp-content\/uploads\/2015\/09\/La-Cumbre1-300x200.jpg 300w, https:\/\/emisora.univalle.edu.co\/wp-content\/uploads\/2015\/09\/La-Cumbre1-438x292.jpg 438w\" sizes=\"(max-width: 448px) 100vw, 448px\" \/><\/a>En el primero de tres art\u00edculos, de los Decretos municipales, autoriza a la empresa Acuavalle S.A. E.S.P., dar inicio de manera temporal al racionamiento de agua en el municipio de La Cumbre-Valle, en el horario de 6:00 p.m. hasta las 5:00 a.m.<\/p>\n<p>En su numeral sexto, los citados Decretos expresan que \u201ces deber de la administraci\u00f3n municipal establecer medidas que permitan mitigar el impacto del desabastecimiento del recurso en el Municipio de La Cumbre, para asegurar la sostenibilidad, la seguridad territorial, los derechos e intereses colectivos y mejorar la calidad de vida de las comunidades, mediante acciones encaminadas a permitir el uso controlado y racional del recurso h\u00eddrico para consumo humano, dom\u00e9stico y agropecuario, como tambi\u00e9n a evitar incendios forestales que conlleven al gasto de este precioso l\u00edquido\u201d.<\/p>\n<p>Ya la Ley 1523 de 2012, en su art\u00edculo segundo, establece que \u201cla gesti\u00f3n del riesgo es responsabilidad de todas las autoridades y de los habitantes del territorio colombianos.<\/p>\n<p>La medida ser\u00e1 por tiempo indefinido, mientras se espera que la estabilizaci\u00f3n del sistema que abastece de agua potable de esta poblaci\u00f3n vallecaucana, seriamente afectada por el fuerte verano que se registra en gran parte del territorio colombiano.<\/p>\n<p>Fuente: Comunicaciones Gobernaci\u00f3n<\/p>\n","protected":false},"excerpt":{"rendered":"<p>A partir de hoy y durante 11 horas diarias, Acuavalle S.A. E.S.P. iniciar\u00e1 la suspensi\u00f3n del servicio de agua potable en La Cumbre, cuyo sistema de abastecimiento se ha visto seriamente afectado por el Fen\u00f3meno del Ni\u00f1o. As\u00ed qued\u00f3 establecido luego que el mandatario local, Jorge Barrera Barco, expidiera los[&#8230;]<\/p>\n","protected":false},"author":1,"featured_media":6904,"comment_status":"open","ping_status":"open","sticky":false,"template":"","format":"standard","meta":{"footnotes":""},"categories":[4],"tags":[],"_links":{"self":[{"href":"https:\/\/emisora.univalle.edu.co\/index.php\/wp-json\/wp\/v2\/posts\/6927"}],"collection":[{"href":"https:\/\/emisora.univalle.edu.co\/index.php\/wp-json\/wp\/v2\/posts"}],"about":[{"href":"https:\/\/emisora.univalle.edu.co\/index.php\/wp-json\/wp\/v2\/types\/post"}],"author":[{"embeddable":true,"href":"https:\/\/emisora.univalle.edu.co\/index.php\/wp-json\/wp\/v2\/users\/1"}],"replies":[{"embeddable":true,"href":"https:\/\/emisora.univalle.edu.co\/index.php\/wp-json\/wp\/v2\/comments?post=6927"}],"version-history":[{"count":1,"href":"https:\/\/emisora.univalle.edu.co\/index.php\/wp-json\/wp\/v2\/posts\/6927\/revisions"}],"predecessor-version":[{"id":6928,"href":"https:\/\/emisora.univalle.edu.co\/index.php\/wp-json\/wp\/v2\/posts\/6927\/revisions\/6928"}],"wp:featuredmedia":[{"embeddable":true,"href":"https:\/\/emisora.univalle.edu.co\/index.php\/wp-json\/wp\/v2\/media\/6904"}],"wp:attachment":[{"href":"https:\/\/emisora.univalle.edu.co\/index.php\/wp-json\/wp\/v2\/media?parent=6927"}],"wp:term":[{"taxonomy":"category","embeddable":true,"href":"https:\/\/emisora.univalle.edu.co\/index.php\/wp-json\/wp\/v2\/categories?post=6927"},{"taxonomy":"post_tag","embeddable":true,"href":"https:\/\/emisora.univalle.edu.co\/index.php\/wp-json\/wp\/v2\/tags?post=6927"}],"curies":[{"name":"wp","href":"https:\/\/api.w.org\/{rel}","templated":true}]}}