{"id":6953,"date":"2015-09-09T09:15:30","date_gmt":"2015-09-09T14:15:30","guid":{"rendered":"https:\/\/emisora.univalle.edu.co\/\/?p=6953"},"modified":"2015-09-09T09:15:30","modified_gmt":"2015-09-09T14:15:30","slug":"se-instala-comite-departamental-de-derechos-humanos-y-el-derecho-internacional-humanitario","status":"publish","type":"post","link":"https:\/\/emisora.univalle.edu.co\/index.php\/se-instala-comite-departamental-de-derechos-humanos-y-el-derecho-internacional-humanitario\/","title":{"rendered":"Se instala Comit\u00e9 Departamental de Derechos Humanos y el Derecho Internacional Humanitario"},"content":{"rendered":"<p><span style=\"line-height: 1.5em;\">Con el respaldo jur\u00eddico del Decreto 4100 del 2011, la Constituci\u00f3n Pol\u00edtica Colombiana, en su Art\u00edculo 94 del Decreto 1222 de 1986 y el Decreto Departamental 0805 del 25 de agosto de 2014, el secretario de Gobierno Departamental, Orlando Riascos Ocampo, convoc\u00f3 \u00a0reuni\u00f3n para la instalaci\u00f3n del Comit\u00e9 Departamental de DD.HH y D.I.H. este mi\u00e9rcoles 09 de Septiembre\u00a0 en el Sal\u00f3n Gobernadores, Palacio de San Francisco desde las 10 de la ma\u00f1ana<\/span><\/p>\n<p>El Sistema Nacional de Derechos Humanos y el Derecho Internacional Humanitario de acuerdo con el Decreto 4100, el Sistema Nacional de DD.HH. y el D.I. H, es el conjunto de principios, normas, pol\u00edticas, programas, instancias e instituciones p\u00fablicas del orden Nacional y Territorial, con competencias en el dise\u00f1o, implementaci\u00f3n, seguimiento y evaluaci\u00f3n de la pol\u00edtica integral en DD.HH. y el D.I.H, y en la promoci\u00f3n de un entorno de derechos y un enfoque diferencial en las pol\u00edticas p\u00fablicas sectoriales. Es la instancia llamada de orientaci\u00f3n y coherencia a todas las acciones adelantadas por el Estado y el Departamento, para garantizar el goce efectivo de los Derechos Humanos de toda la poblaci\u00f3n vallecaucana.<\/p>\n<p>Dicho Comit\u00e9 Departamental de Derechos Humanos y el Derecho Internacional Humanitario, del Departamento del Valle del Cauca, se encuentra integrado por delegados, representantes, directivos de las autoridades p\u00fablicas, territoriales, regionales y municipales, los invitados con car\u00e1cter permanente y organizaciones de de la Sociedad Civil, y Defensora de Derechos Humanos.<\/p>\n<p>Los DDHH, son los que se traducen como los derechos de una persona en virtud de su calidad de \u201cSer Humano\u201d, sin discriminaci\u00f3n alguna basado en la raza, color, sexo, religi\u00f3n, opini\u00f3n pol\u00edtica o de otra \u00edndole, nacionalidad, origen social, propiedad, nacimiento u otros estatus.<\/p>\n<p>Los DDHH son garant\u00edas Jur\u00eddicas universales que protegen a los individuos y grupos,\u00a0 que interfieran con las libertades y derechos fundamentales y con la dignidad humana. Los derechos humanos \u2013DDHH- se caracterizan por su universalidad, irrenunciabilidad, interdependencia e indivisibilidad. El derecho internacional humanitario -D.I.H-, derecho de los conflictos armados, conjuntos de normas o reglas internacionales que buscan limitar los efectos de los conflictos armados\u00a0 por razones humanitarias. Se busca proteger a las personas que no participan en el conflicto armado y est\u00e1n constituidos en tratados internacionales, convenciones y son de car\u00e1cter obligatorio.<\/p>\n<p><b>Se Construir\u00e1 un Plan de Trabajo Departamental de Derechos Humanos y el Derecho Internacional\u00a0 Humanitario<\/b><\/p>\n<p>\u201cLos derechos a la vida, libertad, integridad, seguridad y convivencia, igualdad\u00a0 y no discriminaci\u00f3n, sean una prioridad en el Departamento y una alternativa presentada al comit\u00e9, precis\u00f3 el titular de la cartera de Gobierno\u00a0 Orlando Riascos Ocampo\u201d,<\/p>\n<p>Contin\u00fao esbozando el Dr. Riascos\u2026 \u201cDentro de la Oferta Institucional sobre Derechos Humanos, con el prop\u00f3sito de dar cumplimiento a las Metas del Plan de Desarrollo \u201cHag\u00e1moslo Bien 2012 \u2013 2015\u201d, se ha implementado varias campa\u00f1as\u00a0 de prevenci\u00f3n y sensibilizaci\u00f3n para la poblaci\u00f3n en Alertas Tempranas, Operaci\u00f3n Des\u00e1rmate por mi Valle del Cauca, Operaci\u00f3n desarme y la salud con los Internos\u00a0 del INPEC, Atenci\u00f3n al retornado y al migrante, y la Trata de Personas, para la Secretar\u00eda de Gobierno del Departamento, se convertir\u00e1 en prioridad durante este periodo de Gobierno\u201d, acoto el Secretario de Gobierno en ejercicio.<\/p>\n<p>Fuente; Comunicaciones Personer\u00eda<\/p>\n","protected":false},"excerpt":{"rendered":"<p>Con el respaldo jur\u00eddico del Decreto 4100 del 2011, la Constituci\u00f3n Pol\u00edtica Colombiana, en su Art\u00edculo 94 del Decreto 1222 de 1986 y el Decreto Departamental 0805 del 25 de agosto de 2014, el secretario de Gobierno Departamental, Orlando Riascos Ocampo, convoc\u00f3 \u00a0reuni\u00f3n para la instalaci\u00f3n del Comit\u00e9 Departamental de[&#8230;]<\/p>\n","protected":false},"author":1,"featured_media":6911,"comment_status":"open","ping_status":"open","sticky":false,"template":"","format":"standard","meta":{"footnotes":""},"categories":[4],"tags":[],"_links":{"self":[{"href":"https:\/\/emisora.univalle.edu.co\/index.php\/wp-json\/wp\/v2\/posts\/6953"}],"collection":[{"href":"https:\/\/emisora.univalle.edu.co\/index.php\/wp-json\/wp\/v2\/posts"}],"about":[{"href":"https:\/\/emisora.univalle.edu.co\/index.php\/wp-json\/wp\/v2\/types\/post"}],"author":[{"embeddable":true,"href":"https:\/\/emisora.univalle.edu.co\/index.php\/wp-json\/wp\/v2\/users\/1"}],"replies":[{"embeddable":true,"href":"https:\/\/emisora.univalle.edu.co\/index.php\/wp-json\/wp\/v2\/comments?post=6953"}],"version-history":[{"count":1,"href":"https:\/\/emisora.univalle.edu.co\/index.php\/wp-json\/wp\/v2\/posts\/6953\/revisions"}],"predecessor-version":[{"id":6954,"href":"https:\/\/emisora.univalle.edu.co\/index.php\/wp-json\/wp\/v2\/posts\/6953\/revisions\/6954"}],"wp:featuredmedia":[{"embeddable":true,"href":"https:\/\/emisora.univalle.edu.co\/index.php\/wp-json\/wp\/v2\/media\/6911"}],"wp:attachment":[{"href":"https:\/\/emisora.univalle.edu.co\/index.php\/wp-json\/wp\/v2\/media?parent=6953"}],"wp:term":[{"taxonomy":"category","embeddable":true,"href":"https:\/\/emisora.univalle.edu.co\/index.php\/wp-json\/wp\/v2\/categories?post=6953"},{"taxonomy":"post_tag","embeddable":true,"href":"https:\/\/emisora.univalle.edu.co\/index.php\/wp-json\/wp\/v2\/tags?post=6953"}],"curies":[{"name":"wp","href":"https:\/\/api.w.org\/{rel}","templated":true}]}}