{"id":6979,"date":"2015-09-09T13:00:30","date_gmt":"2015-09-09T18:00:30","guid":{"rendered":"https:\/\/emisora.univalle.edu.co\/\/?p=6979"},"modified":"2015-09-09T10:46:02","modified_gmt":"2015-09-09T15:46:02","slug":"alcaldia-entrega-ayudas-tras-incendio-en-deposito-de-quimicos-y-evalua-si-se-debe-derribar-estructura","status":"publish","type":"post","link":"https:\/\/emisora.univalle.edu.co\/index.php\/alcaldia-entrega-ayudas-tras-incendio-en-deposito-de-quimicos-y-evalua-si-se-debe-derribar-estructura\/","title":{"rendered":"Alcald\u00eda entrega ayudas tras incendio en dep\u00f3sito de qu\u00edmicos  y eval\u00faa si se debe derribar estructura"},"content":{"rendered":"<p><span style=\"line-height: 1.5em;\">Un total de 14 ayudas humanitarias a igual n\u00famero de familias afectadas por el incendio registrado ayer lunes en un dep\u00f3sito de <a href=\"https:\/\/emisora.univalle.edu.co\/\/wp-content\/uploads\/2015\/09\/Entrega-ayudas1.jpg\" data-lightbox=\"gal[6979]\"><img loading=\"lazy\" decoding=\"async\" class=\" wp-image-6959 alignleft\" alt=\"Entrega ayudas1\" src=\"https:\/\/emisora.univalle.edu.co\/\/wp-content\/uploads\/2015\/09\/Entrega-ayudas1.jpg\" width=\"575\" height=\"323\" srcset=\"https:\/\/emisora.univalle.edu.co\/wp-content\/uploads\/2015\/09\/Entrega-ayudas1.jpg 1599w, https:\/\/emisora.univalle.edu.co\/wp-content\/uploads\/2015\/09\/Entrega-ayudas1-300x168.jpg 300w, https:\/\/emisora.univalle.edu.co\/wp-content\/uploads\/2015\/09\/Entrega-ayudas1-1024x575.jpg 1024w, https:\/\/emisora.univalle.edu.co\/wp-content\/uploads\/2015\/09\/Entrega-ayudas1-438x246.jpg 438w\" sizes=\"(max-width: 575px) 100vw, 575px\" \/><\/a>qu\u00edmicos, fueron entregadas hoy por la Alcald\u00eda de Cali en cabeza del Consejo para la Gesti\u00f3n del Riesgo de Desastres \u2013 Cmgrd.<\/span><\/p>\n<p>El incendio que se present\u00f3 en horas de la ma\u00f1ana en la calle 34 con carrera 4, en el barrio El Provenir, dej\u00f3 un total de 14 predios afectados, en donde la mayor\u00eda de los enseres se perdieron.<\/p>\n<p>\u201cAfortunadamente no hubo personas lesionadas f\u00edsicamente, porque el incendio fue muy grave, a lo que se suman un par de explosiones. Pero si dej\u00f3 personas damnificadas que perdieron gran parte de sus enseres, hubo vidrios rotos y techos ca\u00eddos. Por eso, desde el mismo momento del incendio activamos un grupo especial del Cmgrd que se present\u00f3 en el lugar, para apoyar a los organismos de socorro en la atenci\u00f3n de seres vivos y hoy se hizo la entrega de ayudas humanitarias a estos afectados\u201d, explic\u00f3 Rodrigo Zamorano Sanclemente, coordinador del Cmgrd.<\/p>\n<p>Las ayudas consistieron en cobijas, kits de aseo y de cocina y mercados, seg\u00fan dijo el funcionario.<\/p>\n<p>Al mismo tiempo, en la tarde de este martes, se desplaz\u00f3 una comisi\u00f3n de la Alcald\u00eda de Cali, el Cmgrd y organismos de socorro, con el fin de evaluar la estructura\u00a0 m\u00e1s afectada, que es el dep\u00f3sito de qu\u00edmicos en el que se origin\u00f3 el incendio, \u201ccon el objetivo de evaluar si se debe derribar o no de manera controlada dicha estructura. Esto debido a que el incendio fue bastante grave y hubo explosiones que afectaron el local\u201d, aclar\u00f3 Zamorano, quien asever\u00f3 que dicha evaluaci\u00f3n no se pudo realizar ayer mismo, \u201cpor la presencia de gases y qu\u00edmicos emanados en la zona\u201d.<\/p>\n<p>Tras el estudio conjunto con las autoridades comisionadas para esta evaluaci\u00f3n se entregar\u00e1, en el transcurso de la semana, un dictamen con respecto a si se debe no demoler la estructura.<\/p>\n<p>Fuente: Comunicaciones Alcald\u00eda<\/p>\n<p><a href=\"https:\/\/emisora.univalle.edu.co\/\/wp-content\/uploads\/2015\/09\/Entrega-ayudas1.jpg\" data-lightbox=\"gal[6979]\"><img loading=\"lazy\" decoding=\"async\" class=\"alignright  wp-image-6959\" alt=\"Entrega ayudas1\" src=\"https:\/\/emisora.univalle.edu.co\/\/wp-content\/uploads\/2015\/09\/Entrega-ayudas1.jpg\" width=\"1119\" height=\"629\" srcset=\"https:\/\/emisora.univalle.edu.co\/wp-content\/uploads\/2015\/09\/Entrega-ayudas1.jpg 1599w, https:\/\/emisora.univalle.edu.co\/wp-content\/uploads\/2015\/09\/Entrega-ayudas1-300x168.jpg 300w, https:\/\/emisora.univalle.edu.co\/wp-content\/uploads\/2015\/09\/Entrega-ayudas1-1024x575.jpg 1024w, https:\/\/emisora.univalle.edu.co\/wp-content\/uploads\/2015\/09\/Entrega-ayudas1-438x246.jpg 438w\" sizes=\"(max-width: 1119px) 100vw, 1119px\" \/><\/a><\/p>\n<p><span style=\"line-height: 1.5em;\">\u00a0<\/span><\/p>\n","protected":false},"excerpt":{"rendered":"<p>Un total de 14 ayudas humanitarias a igual n\u00famero de familias afectadas por el incendio registrado ayer lunes en un dep\u00f3sito de qu\u00edmicos, fueron entregadas hoy por la Alcald\u00eda de Cali en cabeza del Consejo para la Gesti\u00f3n del Riesgo de Desastres \u2013 Cmgrd. El incendio que se present\u00f3 en[&#8230;]<\/p>\n","protected":false},"author":1,"featured_media":6958,"comment_status":"open","ping_status":"open","sticky":false,"template":"","format":"standard","meta":{"footnotes":""},"categories":[4],"tags":[],"_links":{"self":[{"href":"https:\/\/emisora.univalle.edu.co\/index.php\/wp-json\/wp\/v2\/posts\/6979"}],"collection":[{"href":"https:\/\/emisora.univalle.edu.co\/index.php\/wp-json\/wp\/v2\/posts"}],"about":[{"href":"https:\/\/emisora.univalle.edu.co\/index.php\/wp-json\/wp\/v2\/types\/post"}],"author":[{"embeddable":true,"href":"https:\/\/emisora.univalle.edu.co\/index.php\/wp-json\/wp\/v2\/users\/1"}],"replies":[{"embeddable":true,"href":"https:\/\/emisora.univalle.edu.co\/index.php\/wp-json\/wp\/v2\/comments?post=6979"}],"version-history":[{"count":1,"href":"https:\/\/emisora.univalle.edu.co\/index.php\/wp-json\/wp\/v2\/posts\/6979\/revisions"}],"predecessor-version":[{"id":6980,"href":"https:\/\/emisora.univalle.edu.co\/index.php\/wp-json\/wp\/v2\/posts\/6979\/revisions\/6980"}],"wp:featuredmedia":[{"embeddable":true,"href":"https:\/\/emisora.univalle.edu.co\/index.php\/wp-json\/wp\/v2\/media\/6958"}],"wp:attachment":[{"href":"https:\/\/emisora.univalle.edu.co\/index.php\/wp-json\/wp\/v2\/media?parent=6979"}],"wp:term":[{"taxonomy":"category","embeddable":true,"href":"https:\/\/emisora.univalle.edu.co\/index.php\/wp-json\/wp\/v2\/categories?post=6979"},{"taxonomy":"post_tag","embeddable":true,"href":"https:\/\/emisora.univalle.edu.co\/index.php\/wp-json\/wp\/v2\/tags?post=6979"}],"curies":[{"name":"wp","href":"https:\/\/api.w.org\/{rel}","templated":true}]}}