{"id":6982,"date":"2015-09-09T10:47:15","date_gmt":"2015-09-09T15:47:15","guid":{"rendered":"https:\/\/emisora.univalle.edu.co\/\/?p=6982"},"modified":"2015-09-09T10:47:15","modified_gmt":"2015-09-09T15:47:15","slug":"ministra-de-educacion-declaro-cali-ibague-tunja-y-villavicencio-territorios-libres-de-analfabetismo","status":"publish","type":"post","link":"https:\/\/emisora.univalle.edu.co\/index.php\/ministra-de-educacion-declaro-cali-ibague-tunja-y-villavicencio-territorios-libres-de-analfabetismo\/","title":{"rendered":"Ministra de Educaci\u00f3n declar\u00f3 a Cali, Ibagu\u00e9, Tunja y Villavicencio \u00abTerritorios Libres de Analfabetismo\u00bb"},"content":{"rendered":"<p><span style=\"line-height: 1.5em;\">Con la declaratoria de , Cali, TunjaIbagu\u00e9 y Villavicencio como \u00abTerritorios Libres de Analfabetismo\u00bb, ya son 17 los municipios colombianos que alcanzan esta meta acercando al pa\u00eds a cumplir este gran objetivo, dijo la Ministra de Educaci\u00f3n, Gina Parody, durante la celebraci\u00f3n del D\u00eda Internacional de la Alfabetizaci\u00f3n.<\/span><\/p>\n<p>All\u00ed, Luz Marina Le\u00f3n, una ama de casa de 50 a\u00f1os, y Luis Camacho, empleado de oficios varios de 52 a\u00f1os, narraron c\u00f3mo les cambi\u00f3 sus vidas desde el momento en que iniciaron un camino marcado por el anhelo de la superaci\u00f3n personal, a trav\u00e9s de los modelos educativos flexibles que les permitieron hoy en d\u00eda saber leer. \u00abM\u00e1s historias como las de Luz Marina o Luis, de esfuerzo, de superaci\u00f3n y de cambio en el rumbo de sus vidas, son las que queremos lograr desde nuestro programa de Alfabetizaci\u00f3n. Nuestro reto es alfabetizar a 676.000 personas durante este periodo\u00bb, asegur\u00f3 la titular de la Cartera Educativa.<\/p>\n<p>El Programa Nacional de Alfabetizaci\u00f3n y Educaci\u00f3n de J\u00f3venes y Adultos que lidera el Ministerio de Educaci\u00f3n Nacional ha beneficiado durante el cuatrienio a 11.660 personas en estas ciudades, en su orden: Cali 8.079, Ibagu\u00e9 2.381, Villavicencio 864 y Tunja 336, y a nivel del pa\u00eds a cerca de 400.000 personas durante el mismo periodo, con una inversi\u00f3n de recursos superior a $60.000 millones.<\/p>\n<p>\u00abEn el D\u00eda Internacional de la Alfabetizaci\u00f3n tambi\u00e9n queremos reconocer el inmenso trabajo que han realizado las ciudades de Tunja, Cali, Ibagu\u00e9 y Villavicencio para disminuir su tasa de analfabetismo. Ellos se suman a Medell\u00edn, Envigado, Sabaneta, Itag\u00fc\u00ed, Rionegro, Bello, Armenia, Pereira, Manizales, Santa Marta, Cartagena, Barranquilla y Popay\u00e1n, las cuales ya han obtenido este reconocimiento para lograr la reducci\u00f3n de la tasa nacional que actualmente es de 5.8%\u00bb, expres\u00f3 la Ministra Parody.<\/p>\n<p>As\u00ed mismo invit\u00f3 a las dem\u00e1s Secretar\u00edas de Educaci\u00f3n y las administraciones municipales y departamentales, a fijarse como meta este objetivo del Gobierno Nacional, \u00abnecesitamos m\u00e1s Secretar\u00edas de Educaci\u00f3n como las presentes, para alcanzar nuestro objetivo de ser una naci\u00f3n libre de analfabetismo\u00bb.<\/p>\n<p>De acuerdo con la Gran Encuesta Integrada de Hogares (GEIH\/2014), suministrada por el DANE, en estas Entidades Territoriales su tasa de analfabetismo es inferior a 3.8%, que es la cifra establecida por la Unesco para asegurar que un territorio ha superado esta condici\u00f3n. De esta manera, Tunja y su \u00e1rea metropolitana alcanzaron un \u00edndice de 2.1%, Cali 2.4%, Ibagu\u00e9 y su \u00e1rea metropolitana 2.5% y Villavicencio y su \u00e1rea metropolitana 3.2%.<\/p>\n<p>El Modelo A Crecer<\/p>\n<p>El Programa Nacional de Alfabetizaci\u00f3n se ejecuta gracias a alianzas, articulaci\u00f3n, contribuci\u00f3n econ\u00f3mica y acompa\u00f1amiento del Ministerio de Educaci\u00f3n Nacional con las alcald\u00edas municipales, y entidades como Ecopetrol y la Organizaci\u00f3n de Estados Iberoamericanos (OEI).<\/p>\n<p>Es as\u00ed, como el Ministerio de Educaci\u00f3n mediante el convenio 844\/11-AC 5 suscrito con Ecopetrol y la OEI est\u00e1 atendiendo a 1.877 nuevos iletrados en las ciudades de Ibagu\u00e9 y Villavicencio con la participaci\u00f3n de las correspondientes secretar\u00edas de Educaci\u00f3n. Estos estudiantes son atendidos bajo el Modelo A Crecer.<\/p>\n<p>Debido a las fortalezas de este programa el Ministerio dar\u00e1 continuidad a su implementaci\u00f3n a trav\u00e9s del convenio marco MEN &#8211; OEI &#8211; Ecopetrol para la atenci\u00f3n de 49.984 nuevos estudiantes. Tambi\u00e9n, de esta gran apuesta nacional participan entidades como la Asociaci\u00f3n Colombiana de Universidades (ASCUN) con Tutores Alfabetizadores, el SENA con alfabetizaci\u00f3n integrada a la formaci\u00f3n laboral complementaria, y la Universidad Pedag\u00f3gica Nacional con el dise\u00f1o de lineamientos orientados a la atenci\u00f3n de j\u00f3venes con discapacidad en extra edad y adultos con discapacidad, entre otras acciones.<\/p>\n","protected":false},"excerpt":{"rendered":"<p>Con la declaratoria de , Cali, TunjaIbagu\u00e9 y Villavicencio como \u00abTerritorios Libres de Analfabetismo\u00bb, ya son 17 los municipios colombianos que alcanzan esta meta acercando al pa\u00eds a cumplir este gran objetivo, dijo la Ministra de Educaci\u00f3n, Gina Parody, durante la celebraci\u00f3n del D\u00eda Internacional de la Alfabetizaci\u00f3n. All\u00ed, Luz[&#8230;]<\/p>\n","protected":false},"author":1,"featured_media":6963,"comment_status":"open","ping_status":"open","sticky":false,"template":"","format":"standard","meta":{"footnotes":""},"categories":[4],"tags":[],"_links":{"self":[{"href":"https:\/\/emisora.univalle.edu.co\/index.php\/wp-json\/wp\/v2\/posts\/6982"}],"collection":[{"href":"https:\/\/emisora.univalle.edu.co\/index.php\/wp-json\/wp\/v2\/posts"}],"about":[{"href":"https:\/\/emisora.univalle.edu.co\/index.php\/wp-json\/wp\/v2\/types\/post"}],"author":[{"embeddable":true,"href":"https:\/\/emisora.univalle.edu.co\/index.php\/wp-json\/wp\/v2\/users\/1"}],"replies":[{"embeddable":true,"href":"https:\/\/emisora.univalle.edu.co\/index.php\/wp-json\/wp\/v2\/comments?post=6982"}],"version-history":[{"count":1,"href":"https:\/\/emisora.univalle.edu.co\/index.php\/wp-json\/wp\/v2\/posts\/6982\/revisions"}],"predecessor-version":[{"id":6983,"href":"https:\/\/emisora.univalle.edu.co\/index.php\/wp-json\/wp\/v2\/posts\/6982\/revisions\/6983"}],"wp:featuredmedia":[{"embeddable":true,"href":"https:\/\/emisora.univalle.edu.co\/index.php\/wp-json\/wp\/v2\/media\/6963"}],"wp:attachment":[{"href":"https:\/\/emisora.univalle.edu.co\/index.php\/wp-json\/wp\/v2\/media?parent=6982"}],"wp:term":[{"taxonomy":"category","embeddable":true,"href":"https:\/\/emisora.univalle.edu.co\/index.php\/wp-json\/wp\/v2\/categories?post=6982"},{"taxonomy":"post_tag","embeddable":true,"href":"https:\/\/emisora.univalle.edu.co\/index.php\/wp-json\/wp\/v2\/tags?post=6982"}],"curies":[{"name":"wp","href":"https:\/\/api.w.org\/{rel}","templated":true}]}}