{"id":6985,"date":"2015-09-09T10:50:38","date_gmt":"2015-09-09T15:50:38","guid":{"rendered":"https:\/\/emisora.univalle.edu.co\/\/?p=6985"},"modified":"2015-09-09T10:50:38","modified_gmt":"2015-09-09T15:50:38","slug":"biblioteca-de-san-vicente-del-caguan-gana-el-premio-nacional-de-bibliotecas-publicas-daniel-samper-ortega-2015-valle-con-reconocimiento","status":"publish","type":"post","link":"https:\/\/emisora.univalle.edu.co\/index.php\/biblioteca-de-san-vicente-del-caguan-gana-el-premio-nacional-de-bibliotecas-publicas-daniel-samper-ortega-2015-valle-con-reconocimiento\/","title":{"rendered":"Biblioteca de San Vicente del Cagu\u00e1n gana el Premio Nacional de Bibliotecas P\u00fablicas \u2018Daniel Samper Ortega\u2019 2015. Valle con reconocimiento"},"content":{"rendered":"<p>&nbsp;<\/p>\n<p><b>Biblioteca de San Vicente del Cagu\u00e1n gana el Premio Nacional de Bibliotecas P\u00fablicas \u2018Daniel Samper Ortega\u2019 2015<\/b><\/p>\n<p>El Premio se otorg\u00f3 a La Biblioteca P\u00fablica &#8216;Clara In\u00e9s Campos Perdomo&#8217;, de San Vicente del Cagu\u00e1n por fortalecer procesos de identidad cultural regional. Biblioteca P\u00fablica Kankuaka, de At\u00e1nquez, Cesar y Departamental de Cali, fueron destacadas.<\/p>\n<p>\u200bEn un territorio golpeado por la violencia y el conflicto armado como San Vicente del Cagu\u00e1n, la Biblioteca P\u00fablica se ha erigido durante los \u00faltimos a\u00f1os como un espacio para so\u00f1ar con un pa\u00eds diferente. A partir de la lectura, el aprendizaje y el rescate de la memoria para borrar las huellas de un pasado doloroso, esta biblioteca le ha ganado la batalla al olvido para convertirse en el coraz\u00f3n de la comunidad. Por estas y otras razones la biblioteca \u2018Clara In\u00e9s Campos Perdomo\u2019 ha sido proclamada como la ganadora del Premio Nacional de Bibliotecas P\u00fablicas \u2018Daniel Samper Ortega\u2019 2015.<\/p>\n<p>El premio, otorgado de forma un\u00e1nime por un jurado compuesto por los comunicadores Jes\u00fas Mart\u00edn Barbero, Marisol Cano y Marianne Ponsford, se le concedi\u00f3 a la biblioteca de San Vicente del Cagu\u00e1n \u201cpor su trabajo sistem\u00e1tico vinculado con los procesos de fortalecimiento de la identidad cultural de la regi\u00f3n y por propiciar espacios de reflexi\u00f3n sobre su contexto, historia y proyecci\u00f3n a futuro\u201d.\u200b<\/p>\n<p>En el acta, el jurado tambi\u00e9n estim\u00f3 como elementos valiosos para el veredicto el hecho de que la biblioteca caquete\u00f1a desarrolla un trabajo\u00a0 comprometido con la poblaci\u00f3n de las zonas rurales del municipio, pese a que los desaf\u00edos que imponen las condiciones geogr\u00e1ficas y sociales que presenta la zona no son pocos.\u00a0 Por \u00faltimo, en la decisi\u00f3n tambi\u00e9n se resalt\u00f3 de manera especial la creatividad, el cuidado y liderazgo \u201cde la persona a cargo de la biblioteca y el respaldo de la autoridad municipal con todas las acciones\u201d.<\/p>\n<p>El acto de premiaci\u00f3n se realiz\u00f3 en la Biblioteca Nacional de Colombia, con presencia de La Ministra de Cultura, Mariana Garc\u00e9s, la Directora de la Biblioteca Nacional, Consuelo Gait\u00e1n, el columnista Daniel Samper Pizano, el jurado del Premio, delegaciones de las nueve bibliotecas finalistas y medios de comunicaci\u00f3n.<\/p>\n<p>La Ministra de Cultura, Mariana Garc\u00e9s felicit\u00f3 a los finalistas. \u00abEntre 170 bibliotecas que se inscribieron para el Premio, cada uno de ustedes debe sentirse ganador. A Daniel Samper,\u00a0 quien considera que una de las profesiones m\u00e1s honrosas es la de ser bibliotecario, muchas gracias por acompa\u00f1arnos. La apuesta fundamental de MinCultura es por el libro y la lectura. El 37% de nuestro presupuesto lo dedicamos a ese esfuerzo, construyendo bibliotecas y capacitando bibliotecarios\u201d.<\/p>\n<p>La Ministra\u00a0 tambi\u00e9n se\u00f1al\u00f3 que en estos cinco a\u00f1os la cartera a su cargo ha\u00a0 entregado 12 millones de libros y ha trabajado por la eficiencia de la conectividad de las bibliotecas. \u201cNuestra meta para que todos los colombianos lean 3.2 libros al a\u00f1o requiere de grandes esfuerzos que hemos venido haciendo con el Ministerio de Educaci\u00f3n, a trav\u00e9s de las bibliotecas escolares y nosotros, con la construcci\u00f3n de bibliotecas. Este a\u00f1o empezamos 33 nuevas bibliotecas. La meta es construir 100 m\u00e1s y todas nuestras apuestas est\u00e1n ah\u00ed. Es necesario que los padres les lean a los hijos 15 minutos. En este proceso es fundamental el trabajo del bibliotecario que en su labor convierten sus espacios en lugares de encuentro y disfrute\u201d.<\/p>\n<p>Mariana Garc\u00e9s agreg\u00f3 que el Premio Nacional de Bibliotecas P\u00fablicas fue una idea surgida del Comit\u00e9 del Libro.\u00a0 \u201cEs muy grato contarles que se duplic\u00f3 el n\u00famero de bibliotecas participantes esperamos que en los a\u00f1os futuros sean a\u00fan m\u00e1s. Nos sentimos muy honrados de reconocer la dura y excelente labor de los bibliotecarios y de las bibliotecas p\u00fablicas en el pa\u00eds\u201d.<\/p>\n<p>La Directora de la Biblioteca Nacional, Consuelo Gait\u00e1n, evoc\u00f3 el legado de Daniel Samper Ortega, fundador de la Biblioteca Nacional y a cuya memoria va dedicado el Premio. \u00abSamper Ortega no dud\u00f3 en adquirir libros e impulsar el papel de los bibliotecarios y las bibliotecas. Su visi\u00f3n es la base del Plan Nacional de Lectura y Escritura &#8216;Leer es mi cuento&#8217;. El Ministerio de Cultura ha hecho grandes esfuerzos para llevar libros y fortalecer las bibliotecas. Los colombianos contamos con una infraestructura bibliotecaria dif\u00edcil de calcular. Cuando hablo de creatividad e ingenio hablo de las distintas iniciativas como las de las bibliotecas finalistas. Con este premio queremos reconocer a las bibliotecas como lugares para construir la paz y el lugar donde se hace aquello que transforma nuestras vidas: La lectura\u00bb.<\/p>\n<p>La Biblioteca P\u00fablica \u2018Clara In\u00e9s Campos Perdomo\u2019, que en la actualidad cuenta con una colecci\u00f3n de 4.500 vol\u00famenes, recibi\u00f3 un est\u00edmulo econ\u00f3mico de $50.000.000, destinados a su fortalecimiento. Adicionalmente, su bibliotecaria, Lizeth Paola Am\u00e9zquita, realizar\u00e1 una pasant\u00eda internacional en una Red de Bibliotecas del extranjero. \u201cEste reconocimiento es para todos sanvicentunos y sanvicentunas. A los amigos de las bibliotecas. A la hermana Reina Amparo. A Marianne Ponsford que fue y pudo ver las experiencias que tenemos. A partir de este momento nuestra historia comienza a transformarse\u00bb, dijo visiblemente emocionada, Lizeth Paola Am\u00e9zquita.<\/p>\n<p>El nieto y tocayo del fundador de la Biblioteca Nacional de Colombia Daniel Samper Pizano, evoc\u00f3 la memoria de su antepasado. \u201cNunca lo conoc\u00ed. Cuando ten\u00eda cinco a\u00f1os me tra\u00edan cuadernos ilustrados de historia natural. Lo que m\u00e1s me llamaba la atenci\u00f3n era el sello de los libros que dec\u00eda Biblioteca Daniel Samper Ortega. No pas\u00f3 tiempo en que me diera cuenta de que eso ven\u00eda de la biblioteca de mi abuelo. Gracias a su dedicaci\u00f3n y habilidad Daniel logr\u00f3 resucitar la biblioteca. Cientos de miles de ciudadanos eran analfabetos. Esta realidad lo llev\u00f3 para luchar por la modernizaci\u00f3n de la biblioteca Nacional\u201d, se\u00f1al\u00f3.<\/p>\n<p>Reconocimientos<\/p>\n<p>Igualmente, el jurado otorg\u00f3 reconocimientos especiales como finalistas del Premio \u201cDaniel Samper Ortega\u201d a la Biblioteca P\u00fablica Kankuaka, de At\u00e1nquez, Cesar, en la categor\u00eda de bibliotecas peque\u00f1as, por su estrecho v\u00ednculo con el proceso de identidad cultural de la etnia Kankuama, y en especial, por generar espacios de di\u00e1logo entre mayores y ni\u00f1os para fortalecer su comprensi\u00f3n frente a las ra\u00edces hist\u00f3ricas.\u00a0 Adicionalmente, el jurado del premio le da un valor especial a los procesos de \u201creconocimiento del territorio, la recuperaci\u00f3n del idioma y la trasmisi\u00f3n del universo de saberes\u201d y la destacada labor de \u201clos j\u00f3venes y ni\u00f1os por liderar y posicionar a su biblioteca en el resguardo\u201d.<\/p>\n<p>&nbsp;<\/p>\n<p>Por su parte, en la categor\u00eda de bibliotecas grandes, el reconocimiento de finalista fue para la Biblioteca Departamental Jorge Garc\u00e9s Borrero, de Cali, \u201cpor su destacado trabajo con la Red Departamental del Valle del Cauca con el fortalecimiento de las bibliotecas municipales y por sus esfuerzos en potenciar la lectura y la escritura en el departamento y la ciudad de Cali\u201d. A esta biblioteca tambi\u00e9n se le reconoce su trabajo \u201cen la recuperaci\u00f3n y difusi\u00f3n del patrimonio bibliogr\u00e1fico departamental, as\u00ed como por ser una opci\u00f3n cultural y educativa a destacar en la ciudad\u201d.<\/p>\n<p>Ambas entidades recibir\u00e1n como premio $15.000.000 destinados a su fortalecimiento interno y una pasant\u00eda en alguna red bibliotecarias de Am\u00e9rica Latina para un funcionario delegado por cada una.<\/p>\n<p>Sobre el Premio Nacional de Bibliotecas P\u00fablicas<\/p>\n<p>El Premio Nacional de Bibliotecas P\u00fablicas \u201cDaniel Samper Ortega\u201d es organizado por el Ministerio de Cultura, la Biblioteca Nacional de Colombia y la Red Nacional de Bibliotecas P\u00fablicas, con el objetivo de reconocer el trabajo que adelantan las bibliotecas p\u00fablicas en todo el pa\u00eds y de resaltar\u00a0 la importancia de su quehacer en la vida de las comunidades, el fomento a la lectura y la promoci\u00f3n de est\u00e1ndares de calidad en la gesti\u00f3n bibliotecaria.<\/p>\n<p>Este galard\u00f3n se entrega por segundo a\u00f1o consecutivo y para cada edici\u00f3n podr\u00e1n ser postuladas bibliotecas p\u00fablicas estatales departamentales, distritales, municipales, rurales, ind\u00edgenas, de consejos comunitarios afrocolombianos del pa\u00eds, bibliotecas comunitarias o privadas que se encuentren registradas en la Red Nacional de Bibliotecas P\u00fablicas.<\/p>\n<p>Nueve Bibliotecas P\u00fablicas de los departamentos de Boyac\u00e1, Cesar, Choc\u00f3, Caldas, Caquet\u00e1, Valle, Antioquia y Bogot\u00e1 fueron seleccionadas, entre 171 inscritas, como finalistas a esta segunda edici\u00f3n del Premio Nacional de Bibliotecas P\u00fablicas \u2018Daniel Samper Ortega\u2019, que reconoce los modelos exitosos en gesti\u00f3n bibliotecaria y ofrece est\u00edmulos por 80 millones de pesos, m\u00e1s pasant\u00edas en redes bibliotecarias del exterior para las tres bibliotecas ganadoras.<\/p>\n<p>Fuente: Comunicaciones MinEducaci\u00f3n<\/p>\n","protected":false},"excerpt":{"rendered":"<p>&nbsp; Biblioteca de San Vicente del Cagu\u00e1n gana el Premio Nacional de Bibliotecas P\u00fablicas \u2018Daniel Samper Ortega\u2019 2015 El Premio se otorg\u00f3 a La Biblioteca P\u00fablica &#8216;Clara In\u00e9s Campos Perdomo&#8217;, de San Vicente del Cagu\u00e1n por fortalecer procesos de identidad cultural regional. Biblioteca P\u00fablica Kankuaka, de At\u00e1nquez, Cesar y Departamental[&#8230;]<\/p>\n","protected":false},"author":1,"featured_media":6972,"comment_status":"open","ping_status":"open","sticky":false,"template":"","format":"standard","meta":{"footnotes":""},"categories":[4],"tags":[],"_links":{"self":[{"href":"https:\/\/emisora.univalle.edu.co\/index.php\/wp-json\/wp\/v2\/posts\/6985"}],"collection":[{"href":"https:\/\/emisora.univalle.edu.co\/index.php\/wp-json\/wp\/v2\/posts"}],"about":[{"href":"https:\/\/emisora.univalle.edu.co\/index.php\/wp-json\/wp\/v2\/types\/post"}],"author":[{"embeddable":true,"href":"https:\/\/emisora.univalle.edu.co\/index.php\/wp-json\/wp\/v2\/users\/1"}],"replies":[{"embeddable":true,"href":"https:\/\/emisora.univalle.edu.co\/index.php\/wp-json\/wp\/v2\/comments?post=6985"}],"version-history":[{"count":1,"href":"https:\/\/emisora.univalle.edu.co\/index.php\/wp-json\/wp\/v2\/posts\/6985\/revisions"}],"predecessor-version":[{"id":6986,"href":"https:\/\/emisora.univalle.edu.co\/index.php\/wp-json\/wp\/v2\/posts\/6985\/revisions\/6986"}],"wp:featuredmedia":[{"embeddable":true,"href":"https:\/\/emisora.univalle.edu.co\/index.php\/wp-json\/wp\/v2\/media\/6972"}],"wp:attachment":[{"href":"https:\/\/emisora.univalle.edu.co\/index.php\/wp-json\/wp\/v2\/media?parent=6985"}],"wp:term":[{"taxonomy":"category","embeddable":true,"href":"https:\/\/emisora.univalle.edu.co\/index.php\/wp-json\/wp\/v2\/categories?post=6985"},{"taxonomy":"post_tag","embeddable":true,"href":"https:\/\/emisora.univalle.edu.co\/index.php\/wp-json\/wp\/v2\/tags?post=6985"}],"curies":[{"name":"wp","href":"https:\/\/api.w.org\/{rel}","templated":true}]}}