{"id":6990,"date":"2015-09-09T14:10:26","date_gmt":"2015-09-09T19:10:26","guid":{"rendered":"https:\/\/emisora.univalle.edu.co\/\/?p=6990"},"modified":"2015-09-09T10:57:25","modified_gmt":"2015-09-09T15:57:25","slug":"mineducacion-lanza-100-creditos-beca-pilo-paga-para-estudiar-en-francia-y-corea","status":"publish","type":"post","link":"https:\/\/emisora.univalle.edu.co\/index.php\/mineducacion-lanza-100-creditos-beca-pilo-paga-para-estudiar-en-francia-y-corea\/","title":{"rendered":"Mineducaci\u00f3n lanza 100 cr\u00e9ditos-beca Pilo Paga para estudiar en Francia y Corea"},"content":{"rendered":"<p><span style=\"line-height: 1.5em;\">La Ministra de Educaci\u00f3n lanz\u00f3 este mi\u00e9rcoles un paquete de 100 cr\u00e9ditos condonables para que j\u00f3venes adelanten su pregrado en instituciones de educaci\u00f3n superior de Francia y Corea.<\/span><\/p>\n<p>Durante el anuncio, Gina Parody estuvo acompa\u00f1ada por los embajadores de Francia\u00a0 y Corea en Colombia, Jean-Marc LAFORET y JANG Myung Soo, aliados en esta estrategia de internacionalizaci\u00f3n de la educaci\u00f3n del pa\u00eds, y por el\u00a0 director del ICETEX, Andr\u00e9s Eduardo V\u00e1squez Plazas, entidad encargada de otorgar estos cupos.<\/p>\n<p>De acuerdo con la Ministra, lo que se busca con \u00abPilo paga Corea y Francia\u00bb, como fue denominado este programa de cr\u00e9ditos condonables, es que los estudiantes vayan a las mejores universidades, y una vez graduados, regresen al pa\u00eds para aportar al gran prop\u00f3sito del Gobierno Nacional: ser el pa\u00eds m\u00e1s educado de Am\u00e9rica Latina en el 2025.<\/p>\n<p>La Jefe de la Cartera Educativa explic\u00f3 que son tres las modalidades\u00a0 para la distribuci\u00f3n de estos cupos:<\/p>\n<p>1.\u00a0\u00a0 FRANCIA &#8211; MOVILIDAD REGULAR Y MOVILIDAD EN DOBLE TITULACI\u00d3N<\/p>\n<p>El programa est\u00e1 dirigido a las Instituciones P\u00fablicas de Educaci\u00f3n Superior colombianas que tengan acuerdos de movilidad regular y\/o en doble titulaci\u00f3n con universidades francesas en \u00e1reas del conocimiento tales como: ciencias exactas, b\u00e1sicas, tecnolog\u00eda, ingenier\u00edas y matem\u00e1ticas.<\/p>\n<p>Las Instituciones podr\u00e1n postular a estudiantes de pregrado que cursen semestres avanzados en dichas \u00e1reas y finalmente ser\u00e1n beneficiados 73 j\u00f3venes universitarios.<\/p>\n<p>Gina Parody tambi\u00e9n explic\u00f3 que son dos las opciones para los beneficiarios:<\/p>\n<p>Movilidad Regular: Uno o dos semestres de movilidad acad\u00e9mica en una universidad francesa en donde los beneficiarios cursar\u00e1n asignaturas y\/o realizar\u00e1n pr\u00e1cticas homologables dentro de su respectivo programa curricular. Aqu\u00ed aplican las INGENIERIAS. (no conducente a t\u00edtulo).<\/p>\n<p>Movilidad Internacional: Uno o dos a\u00f1os de movilidad acad\u00e9mica, en doble titulaci\u00f3n, en una universidad francesa,\u00a0 donde los beneficiarios podr\u00e1n cursar asignaturas y\/o realizar pr\u00e1cticas convalidables dentro de su respectivo programa curricular. (conducente a t\u00edtulo).<\/p>\n<p>\u00abPara otorgar estos cupos, a trav\u00e9s del ICETEX abriremos una convocatoria exclusiva para que las Instituciones p\u00fablicas puedan adherirse al programa y postular a sus mejores estudiantes de pregrado\u00bb, afirm\u00f3 la Ministra quien a su vez asegur\u00f3 que con estas acciones\u00a0 \u00a1se premia la excelencia con formaci\u00f3n de calidad!.<\/p>\n<p>El cr\u00e9dito condonable otorgado por el Gobierno Nacional incluye el valor de un tiquete de ida y regreso (Colombia- Francia-Colombia), un apoyo de sostenimiento para ayudas de \u00fatiles y alimentaci\u00f3n de hasta 800\u20ac mensuales (hasta por 20 meses seg\u00fan modalidad de movilidad internacional) y la administraci\u00f3n del cr\u00e9dito educativo condonable en Colombia.<\/p>\n<p>La embajada de Francia, por su parte, cubre el curso de preparaci\u00f3n metodol\u00f3gica para el examen de suficiencia idiom\u00e1tica y un descuento de hasta el 25% en el proceso de visado.<\/p>\n<p>Las Instituciones de Educaci\u00f3n Superior, deber\u00e1n preseleccionar a 5 de sus estudiantes m\u00e1s sobresalientes acad\u00e9micamente y brindarle al grupo preseleccionado el curso de franc\u00e9s para garantizar el nivel B2, es decir 660 horas de formaci\u00f3n en franc\u00e9s.<\/p>\n<p>Dentro de los requisitos exigidos a los estudiantes, adem\u00e1s de estar cursando programas en ciencias b\u00e1sicas, exactas, tecnolog\u00edas, ingenier\u00edas o matem\u00e1ticas, ser aceptado por la Universidad en Francia con la que tiene convenio vigente la Instituci\u00f3n colombiana; superar exitosamente el 50% de los cr\u00e9ditos del programa acad\u00e9mico que cursa en las \u00e1reas del conocimiento priorizadas por esta convocatoria y acreditar mediante certificado la suficiencia idiom\u00e1tica con un nivel de franc\u00e9s m\u00ednimo (B2).<\/p>\n<p>La fecha l\u00edmite que tienen las Instituciones para presentarse a la convocatoria es el mi\u00e9rcoles 30 de septiembre de 2015 hasta las 12:00 m, la solicitud deber\u00e1 entregarse por correo f\u00edsico directamente en el Centro de Informaci\u00f3n del ICETEX en Bogot\u00e1.<\/p>\n<p>2.\u00a0\u00a0\u00a0 FRANCIA &#8211; PREGRADO<\/p>\n<p>As\u00ed mismo, 24 bachilleres graduados en el a\u00f1o 2014, que deseen adelantar sus estudios de pregrado en ciencias exactas, b\u00e1sicas, tecnolog\u00eda y matem\u00e1ticas podr\u00e1n hacerlo en universidades Francesas.<\/p>\n<p>Los 24 Pilos beneficiados con el cr\u00e9dito condonable, tendr\u00e1n acceso al curso pre-acad\u00e9mico de franc\u00e9s nivel B2, al seguro m\u00e9dico, manutenci\u00f3n en Francia y\u00a0 tiquetes a\u00e9reos ida y vuelta.<\/p>\n<p>Los requisitos para acceder a esta modalidad son: haber presentado las pruebas de estado Saber 11 durante los a\u00f1os 2014 o 2015, con un puntaje igual o mayor a 350 puntos y un puntaje de 80 en lectura cr\u00edtica, matem\u00e1ticas, ciencias naturales y razonamiento cuantitativo; tener dieciocho (18) a\u00f1os de edad (nacido antes del 30 de abril de 1998); estar registrado en la versi\u00f3n III del SISBEN con corte al 19 de junio de 2015 dentro de los puntos de corte establecidos, con un puntaje inferior a 57,21. (Dependiendo del \u00e1rea).<\/p>\n<p>3.\u00a0\u00a0\u00a0 COREA DEL SUR &#8211; PREGRADO<\/p>\n<p>Tres bachilleres pilos del pa\u00eds, que hayan obtenido un puntaje en las Pruebas de Estado ICFES &#8211; SABER 11 igual o mayor a 380 puntos, podr\u00e1n adelantar sus estudios de pregrado en Ciencia, Tecnolog\u00eda, Ingenier\u00eda y Matem\u00e1ticas en Corea del Sur en Korea Advanced Institute of Science and Technology &#8211; KAIST.<\/p>\n<p>Para poder acceder a los beneficios del cr\u00e9dito-beca de Corea, deber\u00e1n,\u00a0 los interesados haberse graduado desde el a\u00f1o 2014; haber presentado las Pruebas de Estado ICFES &#8211; SABER 11 durante los a\u00f1os 2014 o 2015 y estar registrados en la versi\u00f3n III del SISBEN con corte al 19 de Junio de 2015 dentro de los puntos de corte establecidos, con un puntaje inferior a 57,21. (Dependiendo del \u00e1rea). El Gobierno Colombiano, cubrir\u00e1 los gastos de seguro m\u00e9dico, manutenci\u00f3n en Corea y tiquetes a\u00e9reos ida y vuelta.<\/p>\n<p>La Universidad coreana, por su parte, correr\u00e1 con los gastos de registro, inscripci\u00f3n y matricula por 4 a\u00f1os. Adem\u00e1s de un auxilio estudiantil dependiendo del promedio acad\u00e9mico que sostenga el estudiante y un curso de coreano obligatorio en la Universidad.<\/p>\n<p>Algunos programas de pregrado ofrecidos en KAIST son los siguientes: Ingenier\u00edas qu\u00edmica y biomolecular, inform\u00e1tica, el\u00e9ctrica, sistemas, ambiental, financiera, de fabricaci\u00f3n de alta tecnolog\u00eda, industrial, mec\u00e1nica, de software, costera y de puertos. As\u00ed como Ciencias de la computaci\u00f3n,\u00a0 Medios digitales, Nanociencia y tecnolog\u00eda.<\/p>\n<p>M\u00e1s de 10.508 millones de pesos, invertir\u00e1 el Gobierno del Presidente Juan Manuel Santos en estos 100 j\u00f3venes \u00abLe estamos apostando a la calidad y a la excelencia, esta es la mejor inversi\u00f3n que puede hacer un pa\u00eds, en su capital humano y sobre todos los j\u00f3venes merecen que le apostemos a su pilera\u00bb afirm\u00f3 la ministra.<\/p>\n","protected":false},"excerpt":{"rendered":"<p>La Ministra de Educaci\u00f3n lanz\u00f3 este mi\u00e9rcoles un paquete de 100 cr\u00e9ditos condonables para que j\u00f3venes adelanten su pregrado en instituciones de educaci\u00f3n superior de Francia y Corea. Durante el anuncio, Gina Parody estuvo acompa\u00f1ada por los embajadores de Francia\u00a0 y Corea en Colombia, Jean-Marc LAFORET y JANG Myung Soo,[&#8230;]<\/p>\n","protected":false},"author":1,"featured_media":6965,"comment_status":"open","ping_status":"open","sticky":false,"template":"","format":"standard","meta":{"footnotes":""},"categories":[4],"tags":[],"_links":{"self":[{"href":"https:\/\/emisora.univalle.edu.co\/index.php\/wp-json\/wp\/v2\/posts\/6990"}],"collection":[{"href":"https:\/\/emisora.univalle.edu.co\/index.php\/wp-json\/wp\/v2\/posts"}],"about":[{"href":"https:\/\/emisora.univalle.edu.co\/index.php\/wp-json\/wp\/v2\/types\/post"}],"author":[{"embeddable":true,"href":"https:\/\/emisora.univalle.edu.co\/index.php\/wp-json\/wp\/v2\/users\/1"}],"replies":[{"embeddable":true,"href":"https:\/\/emisora.univalle.edu.co\/index.php\/wp-json\/wp\/v2\/comments?post=6990"}],"version-history":[{"count":1,"href":"https:\/\/emisora.univalle.edu.co\/index.php\/wp-json\/wp\/v2\/posts\/6990\/revisions"}],"predecessor-version":[{"id":6991,"href":"https:\/\/emisora.univalle.edu.co\/index.php\/wp-json\/wp\/v2\/posts\/6990\/revisions\/6991"}],"wp:featuredmedia":[{"embeddable":true,"href":"https:\/\/emisora.univalle.edu.co\/index.php\/wp-json\/wp\/v2\/media\/6965"}],"wp:attachment":[{"href":"https:\/\/emisora.univalle.edu.co\/index.php\/wp-json\/wp\/v2\/media?parent=6990"}],"wp:term":[{"taxonomy":"category","embeddable":true,"href":"https:\/\/emisora.univalle.edu.co\/index.php\/wp-json\/wp\/v2\/categories?post=6990"},{"taxonomy":"post_tag","embeddable":true,"href":"https:\/\/emisora.univalle.edu.co\/index.php\/wp-json\/wp\/v2\/tags?post=6990"}],"curies":[{"name":"wp","href":"https:\/\/api.w.org\/{rel}","templated":true}]}}