{"id":7000,"date":"2015-09-09T15:03:13","date_gmt":"2015-09-09T20:03:13","guid":{"rendered":"https:\/\/emisora.univalle.edu.co\/\/?p=7000"},"modified":"2015-09-09T15:03:13","modified_gmt":"2015-09-09T20:03:13","slug":"hoy-se-conmemora-el-dia-nacional-de-los-derechos-humanos","status":"publish","type":"post","link":"https:\/\/emisora.univalle.edu.co\/index.php\/hoy-se-conmemora-el-dia-nacional-de-los-derechos-humanos\/","title":{"rendered":"Hoy se conmemora el \u201cD\u00eda Nacional de los Derechos Humanos\u201d"},"content":{"rendered":"<p><span style=\"line-height: 1.5em;\">El 9 de Septiembre por disposici\u00f3n del Congreso de la Rep\u00fablica fue declarado como el D\u00eda Nacional de los Derechos Humanos, mediante la Ley 95 de 1985. En su ART\u00cdCULO 2, se\u00f1al\u00f3 este d\u00eda en homenaje a San Pedro Claver, por la vida y obra, de este jesuita que en la Cartagena de Indias del Siglo XVII se consagr\u00f3 al servicio de los esclavos y de los seres m\u00e1s marginados de aquella \u00e9poca.<\/span><\/p>\n<p>El Congreso de Colombia decreto en su ARTICULO 1\u00ba.- \u201cBasados en los conocimientos hist\u00f3ricos que confirman, de que gracias al equipo misionero formado por los sacerdotes jesuitas Pedro Claver y Corber\u00f3, Alonso Sandoval y el Hermano Nicol\u00e1s Gonz\u00e1lez, acompa\u00f1ados de muchos hijos de la ciudad de Cartagena de Indias en el siglo XVII, naci\u00f3 la preocupaci\u00f3n por aliviar la situaci\u00f3n de los oprimidos de la \u00e9poca, en especial la de los esclavos, por quienes clamaron por el buen trato y la libertad, consid\u00e9rase como Sede de los Derechos Rumanos en Colombia, a la ciudad de Cartagena de Indias.\u201d<\/p>\n<p>Y en el marco de la conmemoraci\u00f3n de esta fecha, cabe destacar que la Personer\u00eda Municipal de Santiago de Cali como ente del Ministerio P\u00fablico representa a la comunidad cale\u00f1a con el objetivo de garantizar la promoci\u00f3n, protecci\u00f3n y defensa de sus derechos fundamentales, es as\u00ed como a trav\u00e9s de una de sus l\u00edneas de trabajo denominada Centro para la Transparencia, ubicado en la Bah\u00eda del Centro Administrativo Municipal \u2013 CAM, se encarga de la atenci\u00f3n de forma directa e inmediata al ciudadano para la protecci\u00f3n de sus derechos humanos, en el marco de los deberes constitucionales que le asisten como Ministerio P\u00fablico.<\/p>\n<p>En \u00e9l se brinda a la comunidad los servicios de orientaci\u00f3n, instrucci\u00f3n, acompa\u00f1amiento personalizado, mecanismos de acci\u00f3n o de protecci\u00f3n ciudadana, declaraci\u00f3n de desaparecidos, se recepcionan las peticiones o quejas de los ciudadanos y el servicio de Permanencia que cuenta con un Personero Delegado el cual act\u00faa como defensor de los derechos humanos de manera inmediata ante EPS, IPS, Comisar\u00edas de Familia, Hospitales, Cl\u00ednicas o cualquier entidad que vulnere sus derechos.<\/p>\n<p>Es as\u00ed como entre el 1 de enero hasta el 8 de septiembre de 2015, se han receptado en la Personer\u00eda Municipal 1788 quejas por diferentes clases de vulneraci\u00f3n de derechos. Entre ellas tenemos quejas como la prestaci\u00f3n de los\u00a0 servicios de salud, contra las entidades del orden nacional y municipal y sobre la atenci\u00f3n prestada al Adulto Mayor.<\/p>\n<p>Relacionando la totalidad de usuarios atendidos en el Centro Para la Transparencia conforme a las quejas por la prestaci\u00f3n del servicio de salud de los a\u00f1os 2014 al 2015; encontramos que en lo concerniente a la falta de oportunidad en la prestaci\u00f3n del servicio se identific\u00f3 un aumento del 34.68%; en cuanto a garantizar el tratamiento m\u00e9dico se gener\u00f3 un incremento del 68.56%; en la negaci\u00f3n del servicio se ha identificado una disminuci\u00f3n del 3,17%; en la negaci\u00f3n de insumos disminuy\u00f3 el 4.24%; en la negaci\u00f3n de medicamentos se identifica una disminuci\u00f3n del 15.75%; en lo que compete a la entrega incompleta de medicamentos se evidencia un incremento significativo del 87.84%; en la irregularidad en la prestaci\u00f3n del servicio se establece una disminuci\u00f3n del 16.07%; y en atenci\u00f3n deficiente se identific\u00f3 una disminuci\u00f3n del 46,77%.<\/p>\n<p>Fuente; Comunicaciones Personer\u00eda<\/p>\n","protected":false},"excerpt":{"rendered":"<p>El 9 de Septiembre por disposici\u00f3n del Congreso de la Rep\u00fablica fue declarado como el D\u00eda Nacional de los Derechos Humanos, mediante la Ley 95 de 1985. En su ART\u00cdCULO 2, se\u00f1al\u00f3 este d\u00eda en homenaje a San Pedro Claver, por la vida y obra, de este jesuita que en[&#8230;]<\/p>\n","protected":false},"author":1,"featured_media":6999,"comment_status":"open","ping_status":"open","sticky":false,"template":"","format":"standard","meta":{"footnotes":""},"categories":[4],"tags":[],"_links":{"self":[{"href":"https:\/\/emisora.univalle.edu.co\/index.php\/wp-json\/wp\/v2\/posts\/7000"}],"collection":[{"href":"https:\/\/emisora.univalle.edu.co\/index.php\/wp-json\/wp\/v2\/posts"}],"about":[{"href":"https:\/\/emisora.univalle.edu.co\/index.php\/wp-json\/wp\/v2\/types\/post"}],"author":[{"embeddable":true,"href":"https:\/\/emisora.univalle.edu.co\/index.php\/wp-json\/wp\/v2\/users\/1"}],"replies":[{"embeddable":true,"href":"https:\/\/emisora.univalle.edu.co\/index.php\/wp-json\/wp\/v2\/comments?post=7000"}],"version-history":[{"count":1,"href":"https:\/\/emisora.univalle.edu.co\/index.php\/wp-json\/wp\/v2\/posts\/7000\/revisions"}],"predecessor-version":[{"id":7001,"href":"https:\/\/emisora.univalle.edu.co\/index.php\/wp-json\/wp\/v2\/posts\/7000\/revisions\/7001"}],"wp:featuredmedia":[{"embeddable":true,"href":"https:\/\/emisora.univalle.edu.co\/index.php\/wp-json\/wp\/v2\/media\/6999"}],"wp:attachment":[{"href":"https:\/\/emisora.univalle.edu.co\/index.php\/wp-json\/wp\/v2\/media?parent=7000"}],"wp:term":[{"taxonomy":"category","embeddable":true,"href":"https:\/\/emisora.univalle.edu.co\/index.php\/wp-json\/wp\/v2\/categories?post=7000"},{"taxonomy":"post_tag","embeddable":true,"href":"https:\/\/emisora.univalle.edu.co\/index.php\/wp-json\/wp\/v2\/tags?post=7000"}],"curies":[{"name":"wp","href":"https:\/\/api.w.org\/{rel}","templated":true}]}}