{"id":7015,"date":"2015-09-09T15:38:46","date_gmt":"2015-09-09T20:38:46","guid":{"rendered":"https:\/\/emisora.univalle.edu.co\/\/?p=7015"},"modified":"2015-09-09T15:38:46","modified_gmt":"2015-09-09T20:38:46","slug":"mediacion-del-municipio-en-crisis-de-usuarios-caprecom-da-frutos","status":"publish","type":"post","link":"https:\/\/emisora.univalle.edu.co\/index.php\/mediacion-del-municipio-en-crisis-de-usuarios-caprecom-da-frutos\/","title":{"rendered":"Mediaci\u00f3n del Municipio en crisis de usuarios Caprecom da frutos"},"content":{"rendered":"<p><span style=\"line-height: 1.5em;\">Satisfecho por el acuerdo logrado entre la Gobernaci\u00f3n del Valle y Caprecom para solucionar la crisis vivida por los afiliados a la EPS Caprecom, se mostr\u00f3 el asesor del Alcalde de Cali para la Atenci\u00f3n al Usuario en Salud, Alex\u00e1nder Camacho.<\/span><\/p>\n<p>\u201cDesde hace dos meses estamos acompa\u00f1ando a los usuarios de la EPS subsidiada Caprecom en la defensa de su derecho a la salud; son personas de escasos recursos que desde hace varios meses no han recibido las medicinas para sus tratamientos, situaci\u00f3n que agrava su salud y pone en peligro sus vidas\u201d, se\u00f1al\u00f3 el funcionario.<\/p>\n<p>Explic\u00f3 que el compromiso establecido entre las dos entidades es suministrarles, a m\u00e1s tardar el pr\u00f3ximo viernes 12 de septiembre, insumos y medicamentos no POS, con su respectivo retroactivo, a los usuarios que aparecen en el censo, quienes reclamaron sus derechos durante las jornadas de protesta de la presente semana.<\/p>\n<p>Los medicamentos ser\u00e1n entregados por la red de farmacias de la EPS y la Gobernaci\u00f3n asumir\u00e1 los costos, para lo cual oficiar\u00e1 de inmediato a los proveedores, garantizando que girar\u00e1 los recursos para el pago correspondiente.<\/p>\n<p>El funcionario agreg\u00f3 que, adem\u00e1s, se conformar\u00e1 una mesa de trabajo entre Caprecom y la Secretar\u00eda de Salud Departamental, con la mediaci\u00f3n del Servicio de Atenci\u00f3n a la Comunidad, SAC, del cual Camacho es responsable, para continuar acompa\u00f1ando a los usuarios en la defensa de su derecho a la Salud.<\/p>\n<p>\u201cNuestro objetivo es hacer seguimiento a lo convenido y continuar respaldando a los usuarios de la EPS para que haya una soluci\u00f3n definitiva a sus dificultades\u201d, concluy\u00f3 Camacho.<\/p>\n<p>Servicio de Atenci\u00f3n a la Comunidad, SAC<\/p>\n<p>Calle 4 B\u00a0 No. 36 \u2013 00, en San Fernando, detr\u00e1s del HUV.<\/p>\n<p>Tel\u00e9fonos: 5195100 y 5195101.<\/p>\n<p>atencionalurusarioensalud@cali.gov.co.<\/p>\n","protected":false},"excerpt":{"rendered":"<p>Satisfecho por el acuerdo logrado entre la Gobernaci\u00f3n del Valle y Caprecom para solucionar la crisis vivida por los afiliados a la EPS Caprecom, se mostr\u00f3 el asesor del Alcalde de Cali para la Atenci\u00f3n al Usuario en Salud, Alex\u00e1nder Camacho. \u201cDesde hace dos meses estamos acompa\u00f1ando a los usuarios[&#8230;]<\/p>\n","protected":false},"author":1,"featured_media":7016,"comment_status":"open","ping_status":"open","sticky":false,"template":"","format":"standard","meta":{"footnotes":""},"categories":[4],"tags":[],"_links":{"self":[{"href":"https:\/\/emisora.univalle.edu.co\/index.php\/wp-json\/wp\/v2\/posts\/7015"}],"collection":[{"href":"https:\/\/emisora.univalle.edu.co\/index.php\/wp-json\/wp\/v2\/posts"}],"about":[{"href":"https:\/\/emisora.univalle.edu.co\/index.php\/wp-json\/wp\/v2\/types\/post"}],"author":[{"embeddable":true,"href":"https:\/\/emisora.univalle.edu.co\/index.php\/wp-json\/wp\/v2\/users\/1"}],"replies":[{"embeddable":true,"href":"https:\/\/emisora.univalle.edu.co\/index.php\/wp-json\/wp\/v2\/comments?post=7015"}],"version-history":[{"count":1,"href":"https:\/\/emisora.univalle.edu.co\/index.php\/wp-json\/wp\/v2\/posts\/7015\/revisions"}],"predecessor-version":[{"id":7017,"href":"https:\/\/emisora.univalle.edu.co\/index.php\/wp-json\/wp\/v2\/posts\/7015\/revisions\/7017"}],"wp:featuredmedia":[{"embeddable":true,"href":"https:\/\/emisora.univalle.edu.co\/index.php\/wp-json\/wp\/v2\/media\/7016"}],"wp:attachment":[{"href":"https:\/\/emisora.univalle.edu.co\/index.php\/wp-json\/wp\/v2\/media?parent=7015"}],"wp:term":[{"taxonomy":"category","embeddable":true,"href":"https:\/\/emisora.univalle.edu.co\/index.php\/wp-json\/wp\/v2\/categories?post=7015"},{"taxonomy":"post_tag","embeddable":true,"href":"https:\/\/emisora.univalle.edu.co\/index.php\/wp-json\/wp\/v2\/tags?post=7015"}],"curies":[{"name":"wp","href":"https:\/\/api.w.org\/{rel}","templated":true}]}}