{"id":7020,"date":"2015-09-09T19:00:01","date_gmt":"2015-09-10T00:00:01","guid":{"rendered":"https:\/\/emisora.univalle.edu.co\/\/?p=7020"},"modified":"2015-09-09T16:05:10","modified_gmt":"2015-09-09T21:05:10","slug":"cali-tendra-sala-de-crisis-para-atencion-inmediata-de-emergencias","status":"publish","type":"post","link":"https:\/\/emisora.univalle.edu.co\/index.php\/cali-tendra-sala-de-crisis-para-atencion-inmediata-de-emergencias\/","title":{"rendered":"Cali tendr\u00e1 Sala de Crisis para atenci\u00f3n inmediata de emergencias"},"content":{"rendered":"<p><span style=\"line-height: 1.5em;\">Santiago de Cali tendr\u00e1 Sala de Crisis para reducir la vulnerabilidad de la ciudad, mejorar los tiempos de respuesta ante emergencias y minimizar p\u00e9rdidas humanas, tras la ocurrencia de eventualidades en la capital vallecaucana.<\/span><\/p>\n<p>As\u00ed lo explic\u00f3 Rodrigo Zamorano Sanclemente, coordinador del Consejo para la Gesti\u00f3n del Riesgo de Desastres \u2013Cmgrd-, quien agreg\u00f3 que todo esto se lograr\u00e1 a trav\u00e9s de un trabajo de prevenci\u00f3n y atenci\u00f3n, en conjunto con los diferentes organismos de socorro, inteligencia y justicia de la ciudad.<\/p>\n<p>\u201cEsta Sala de Crisis para Cali nace de la necesidad sentida de la regi\u00f3n de contar con un espacio para el an\u00e1lisis y difusi\u00f3n de la informaci\u00f3n para la coordinaci\u00f3n, la toma de decisiones y la interacci\u00f3n\u00a0 con las diferentes entidades de respuesta, dentro de la realidad social y geogr\u00e1fica de nuestra ciudad. Esta contar\u00e1 con recurso humano y equipo tecnol\u00f3gico de \u00faltima generaci\u00f3n, que permita en tiempo real la atenci\u00f3n y prevenci\u00f3n de eventos de alto impacto\u201d, asever\u00f3 el funcionario.<\/p>\n<p>De acuerdo con Zamorano, la Sala de Crisis se ejecutar\u00e1 con el premio obtenido en la convocatoria internacional Ciudades Resilientes de la Fundaci\u00f3n Rockefeller, a la cual aplic\u00f3 la Alcald\u00eda de Cali. Tras su participaci\u00f3n, Cali fue seleccionada para formar parte de un grupo de capitales denominadas \u2018Las 100 ciudades resilientes de todo el mundo\u2019, dado el alto compromiso que tiene este municipio para construir estrategias que permitan superar crisis y emergencias.<\/p>\n<p>Al ser seleccionada, la ciudad se hizo acreedora de un premio de US$1 mill\u00f3n para la construcci\u00f3n de dicha sala, obra que estar\u00e1 a cargo de la Fundaci\u00f3n Pieneered By The Rockefeller y que se llevar\u00eda a cabo en un tiempo estimado de 18 meses.<\/p>\n<p>El funcionario agreg\u00f3 que dentro de la estructura se contempla la construcci\u00f3n de \u201cuna sala de comando centralizado, con pantallas de alta tecnolog\u00eda, sala de videoconferencias y reuniones, \u00e1rea de recepci\u00f3n de documentos, puestos de trabajo para el recurso humano, sala de radio HF, VHF 2 y 12, sal\u00f3n para medios de comunicaci\u00f3n, \u00e1reas de oficina de Gesti\u00f3n del Riesgo, bodega estrat\u00e9gica, parqueaderos, espacios para la ubicaci\u00f3n de los organismos de socorro, unidades sanitarias, plantas el\u00e9ctricas, inversores y helipuerto\u201d.<\/p>\n<p>Argument\u00f3 que la contrapartida municipal es la mano de obra y el predio. Precisamente, para la Sala de Crisis se est\u00e1 contemplando un lote de 3600 metros cuadrados, ubicado en la calle 59 con carrera 8 en el barrio La Base, el cual es estrat\u00e9gico por su proximidad con la Base A\u00e9rea, las v\u00edas de acceso con las que cuenta y el subsuelo que es de mediana aceleraci\u00f3n de acuerdo con el mapa de microzonificaci\u00f3n s\u00edsmica de Cali.<\/p>\n<p>Al respecto, la Alcald\u00eda de Cali se encuentra en el proceso de adquisici\u00f3n del mismo e iniciar as\u00ed la construcci\u00f3n de esta importante obra para la ciudad.<\/p>\n<p>Fuente: Comunicaciones Alcald\u00eda<\/p>\n","protected":false},"excerpt":{"rendered":"<p>Santiago de Cali tendr\u00e1 Sala de Crisis para reducir la vulnerabilidad de la ciudad, mejorar los tiempos de respuesta ante emergencias y minimizar p\u00e9rdidas humanas, tras la ocurrencia de eventualidades en la capital vallecaucana. As\u00ed lo explic\u00f3 Rodrigo Zamorano Sanclemente, coordinador del Consejo para la Gesti\u00f3n del Riesgo de Desastres[&#8230;]<\/p>\n","protected":false},"author":1,"featured_media":7019,"comment_status":"open","ping_status":"open","sticky":false,"template":"","format":"standard","meta":{"footnotes":""},"categories":[4],"tags":[],"_links":{"self":[{"href":"https:\/\/emisora.univalle.edu.co\/index.php\/wp-json\/wp\/v2\/posts\/7020"}],"collection":[{"href":"https:\/\/emisora.univalle.edu.co\/index.php\/wp-json\/wp\/v2\/posts"}],"about":[{"href":"https:\/\/emisora.univalle.edu.co\/index.php\/wp-json\/wp\/v2\/types\/post"}],"author":[{"embeddable":true,"href":"https:\/\/emisora.univalle.edu.co\/index.php\/wp-json\/wp\/v2\/users\/1"}],"replies":[{"embeddable":true,"href":"https:\/\/emisora.univalle.edu.co\/index.php\/wp-json\/wp\/v2\/comments?post=7020"}],"version-history":[{"count":1,"href":"https:\/\/emisora.univalle.edu.co\/index.php\/wp-json\/wp\/v2\/posts\/7020\/revisions"}],"predecessor-version":[{"id":7021,"href":"https:\/\/emisora.univalle.edu.co\/index.php\/wp-json\/wp\/v2\/posts\/7020\/revisions\/7021"}],"wp:featuredmedia":[{"embeddable":true,"href":"https:\/\/emisora.univalle.edu.co\/index.php\/wp-json\/wp\/v2\/media\/7019"}],"wp:attachment":[{"href":"https:\/\/emisora.univalle.edu.co\/index.php\/wp-json\/wp\/v2\/media?parent=7020"}],"wp:term":[{"taxonomy":"category","embeddable":true,"href":"https:\/\/emisora.univalle.edu.co\/index.php\/wp-json\/wp\/v2\/categories?post=7020"},{"taxonomy":"post_tag","embeddable":true,"href":"https:\/\/emisora.univalle.edu.co\/index.php\/wp-json\/wp\/v2\/tags?post=7020"}],"curies":[{"name":"wp","href":"https:\/\/api.w.org\/{rel}","templated":true}]}}