{"id":7028,"date":"2015-09-10T10:39:18","date_gmt":"2015-09-10T15:39:18","guid":{"rendered":"https:\/\/emisora.univalle.edu.co\/\/?p=7028"},"modified":"2015-09-10T10:39:18","modified_gmt":"2015-09-10T15:39:18","slug":"foro-con-los-candidatos-rector-universidad-del-valle-en-la-sede-norte-del-cauca","status":"publish","type":"post","link":"https:\/\/emisora.univalle.edu.co\/index.php\/foro-con-los-candidatos-rector-universidad-del-valle-en-la-sede-norte-del-cauca\/","title":{"rendered":"Foro con los candidatos a Rector Universidad del Valle en la Sede Norte del Cauca"},"content":{"rendered":"<p><span style=\"line-height: 1.5em;\"><a href=\"https:\/\/emisora.univalle.edu.co\/\/wp-content\/uploads\/2015\/09\/Candidatos-a-rector\u00eda1.jpg\" data-lightbox=\"gal[7028]\"><img loading=\"lazy\" decoding=\"async\" class=\" wp-image-7025 alignleft\" alt=\"Candidatos a rector\u00eda1\" src=\"https:\/\/emisora.univalle.edu.co\/\/wp-content\/uploads\/2015\/09\/Candidatos-a-rector\u00eda1.jpg\" width=\"410\" height=\"271\" srcset=\"https:\/\/emisora.univalle.edu.co\/wp-content\/uploads\/2015\/09\/Candidatos-a-rector\u00eda1.jpg 456w, https:\/\/emisora.univalle.edu.co\/wp-content\/uploads\/2015\/09\/Candidatos-a-rector\u00eda1-300x198.jpg 300w, https:\/\/emisora.univalle.edu.co\/wp-content\/uploads\/2015\/09\/Candidatos-a-rector\u00eda1-438x289.jpg 438w\" sizes=\"(max-width: 410px) 100vw, 410px\" \/><\/a>Con asistencia masiva de estudiantes se realiz\u00f3, ayer mi\u00e9rcoles 9 de septiembre, el primer foro de debate con los candidatos a ocupar el cargo de rector de la Universidad del Valle, Sede Norte del Cauca. En horas de la ma\u00f1ana de hoy jueves se realiz\u00f3 en el Camp\u00fas de Mel\u00e9ndez<\/span><\/p>\n<p>En el Campus Carvajal, de Santander de Quilichao, los candidatos, en orden alfab\u00e9tico, H\u00e9ctor Cadavid Ram\u00edrez, C\u00e9sar Arturo Castillo, Jes\u00fas Mar\u00eda S\u00e1nchez Ordo\u00f1ez y Edgar Varela Barrios presentaron sus respectivas propuestas de gobierno y administrativas, y respondieron a las preguntas de los estudiantes.<\/p>\n<p>Cada candidato cont\u00f3 con diez minutos para exponer su propuesta de trabajo; y despu\u00e9s, con cinco minutos para responder a las preguntas e inquietudes de los asistentes.<\/p>\n<p>El pr\u00f3ximo Foro de debate con los candidatos ser\u00e1 hoy, jueves 10 de Septiembre de 2015. En el Campus San Fernando, en el Auditorio Diego Delgadillo, el foro ser\u00e1 a las 6:00 p.m.<\/p>\n<p>Los \u00a0pr\u00f3ximos destinos de los candidatos en la regi\u00f3n, este viernes 11 Septiembre de 2015.<a href=\"https:\/\/emisora.univalle.edu.co\/\/wp-content\/uploads\/2015\/09\/Candidatos-a-rector\u00eda2.jpg\" data-lightbox=\"gal[7028]\"><img loading=\"lazy\" decoding=\"async\" class=\"alignright  wp-image-7026\" alt=\"Candidatos a rector\u00eda2\" src=\"https:\/\/emisora.univalle.edu.co\/\/wp-content\/uploads\/2015\/09\/Candidatos-a-rector\u00eda2.jpg\" width=\"407\" height=\"270\" srcset=\"https:\/\/emisora.univalle.edu.co\/wp-content\/uploads\/2015\/09\/Candidatos-a-rector\u00eda2.jpg 452w, https:\/\/emisora.univalle.edu.co\/wp-content\/uploads\/2015\/09\/Candidatos-a-rector\u00eda2-300x199.jpg 300w, https:\/\/emisora.univalle.edu.co\/wp-content\/uploads\/2015\/09\/Candidatos-a-rector\u00eda2-438x290.jpg 438w\" sizes=\"(max-width: 407px) 100vw, 407px\" \/><\/a><\/p>\n<p>&#8211; Viernes 11 de Septiembre de 2015. Universidad del Valle Sede Buga, 4:00 p.m. Sede Tulu\u00e1 7:00 p.m.<\/p>\n<p>&#8211; Martes 15 de Septiembre de 2015. Universidad del Valle Sede Palmira 4:00 p.m. Sede Yumbo 7:00 p.m.<\/p>\n<p>&#8211; Mi\u00e9rcoles 16 de Septiembre de 2015. Universidad del Valle Sede Cali, Campus Mel\u00e9ndez 9:00 a.m. y Campus San Fernando 3:00 p.m.<\/p>\n<p>&#8211; Lunes 21 de Septiembre de 2015. Universidad del Valle Sede Caicedonia 4:00 p.m. Sede Zarzal 7:00 p.m.<\/p>\n<p>&#8211; Mi\u00e9rcoles 23 de Septiembre de 2015. Universidad del Valle Sede Pac\u00edfico. 6:00 p.m.<\/p>\n<p>&#8211; Viernes 25 de Septiembre de 2015. Universidad del Valle Sede Cartago. 6: 00 p.m.<\/p>\n<p>Para propiciar la participaci\u00f3n masiva de los estudiantes habr\u00e1 flexibilidad acad\u00e9mica en los horarios en que se realizan los debates.<\/p>\n<p>La consulta a los estudiantes y docentes ser\u00e1 el 28 de septiembre del 2015.<\/p>\n<p>Fuente: Agencia de Noticias Univalle<\/p>\n<p style=\"text-align: center;\"><a href=\"https:\/\/emisora.univalle.edu.co\/\/wp-content\/uploads\/2015\/09\/Candidatos-a-rector\u00eda3.jpg\" data-lightbox=\"gal[7028]\"><img loading=\"lazy\" decoding=\"async\" class=\" wp-image-7027 aligncenter\" alt=\"Candidatos a rector\u00eda3\" src=\"https:\/\/emisora.univalle.edu.co\/\/wp-content\/uploads\/2015\/09\/Candidatos-a-rector\u00eda3.jpg\" width=\"825\" height=\"423\" srcset=\"https:\/\/emisora.univalle.edu.co\/wp-content\/uploads\/2015\/09\/Candidatos-a-rector\u00eda3.jpg 917w, https:\/\/emisora.univalle.edu.co\/wp-content\/uploads\/2015\/09\/Candidatos-a-rector\u00eda3-300x153.jpg 300w, https:\/\/emisora.univalle.edu.co\/wp-content\/uploads\/2015\/09\/Candidatos-a-rector\u00eda3-438x224.jpg 438w\" sizes=\"(max-width: 825px) 100vw, 825px\" \/><\/a><\/p>\n","protected":false},"excerpt":{"rendered":"<p>Con asistencia masiva de estudiantes se realiz\u00f3, ayer mi\u00e9rcoles 9 de septiembre, el primer foro de debate con los candidatos a ocupar el cargo de rector de la Universidad del Valle, Sede Norte del Cauca. En horas de la ma\u00f1ana de hoy jueves se realiz\u00f3 en el Camp\u00fas de Mel\u00e9ndez[&#8230;]<\/p>\n","protected":false},"author":1,"featured_media":7024,"comment_status":"open","ping_status":"open","sticky":false,"template":"","format":"standard","meta":{"footnotes":""},"categories":[4],"tags":[],"_links":{"self":[{"href":"https:\/\/emisora.univalle.edu.co\/index.php\/wp-json\/wp\/v2\/posts\/7028"}],"collection":[{"href":"https:\/\/emisora.univalle.edu.co\/index.php\/wp-json\/wp\/v2\/posts"}],"about":[{"href":"https:\/\/emisora.univalle.edu.co\/index.php\/wp-json\/wp\/v2\/types\/post"}],"author":[{"embeddable":true,"href":"https:\/\/emisora.univalle.edu.co\/index.php\/wp-json\/wp\/v2\/users\/1"}],"replies":[{"embeddable":true,"href":"https:\/\/emisora.univalle.edu.co\/index.php\/wp-json\/wp\/v2\/comments?post=7028"}],"version-history":[{"count":1,"href":"https:\/\/emisora.univalle.edu.co\/index.php\/wp-json\/wp\/v2\/posts\/7028\/revisions"}],"predecessor-version":[{"id":7029,"href":"https:\/\/emisora.univalle.edu.co\/index.php\/wp-json\/wp\/v2\/posts\/7028\/revisions\/7029"}],"wp:featuredmedia":[{"embeddable":true,"href":"https:\/\/emisora.univalle.edu.co\/index.php\/wp-json\/wp\/v2\/media\/7024"}],"wp:attachment":[{"href":"https:\/\/emisora.univalle.edu.co\/index.php\/wp-json\/wp\/v2\/media?parent=7028"}],"wp:term":[{"taxonomy":"category","embeddable":true,"href":"https:\/\/emisora.univalle.edu.co\/index.php\/wp-json\/wp\/v2\/categories?post=7028"},{"taxonomy":"post_tag","embeddable":true,"href":"https:\/\/emisora.univalle.edu.co\/index.php\/wp-json\/wp\/v2\/tags?post=7028"}],"curies":[{"name":"wp","href":"https:\/\/api.w.org\/{rel}","templated":true}]}}