{"id":7044,"date":"2015-09-10T14:27:09","date_gmt":"2015-09-10T19:27:09","guid":{"rendered":"https:\/\/emisora.univalle.edu.co\/\/?p=7044"},"modified":"2015-09-10T14:27:24","modified_gmt":"2015-09-10T19:27:24","slug":"calenos-encenderan-una-llama-por-la-paz-en-la-plazoleta-jairo-varela","status":"publish","type":"post","link":"https:\/\/emisora.univalle.edu.co\/index.php\/calenos-encenderan-una-llama-por-la-paz-en-la-plazoleta-jairo-varela\/","title":{"rendered":"Hoy los cale\u00f1os encender\u00e1n una llama por la paz en la Plazoleta Jairo Varela"},"content":{"rendered":"<p><span style=\"line-height: 1.5em;\">Este jueves 10 de septiembre, el alcalde de Cali, Rodrigo Guerrero Velasco, encender\u00e1 la \u2018Llama por la paz\u2019 representada en una antorcha, para unirse al clamor de todos los cale\u00f1os y colombianos que anhelan un pa\u00eds sin guerra para las actuales y futuras generaciones.<\/span><\/p>\n<p>El acto, que es convocado por la Asociaci\u00f3n Colombiana de Ciudades Capitales, se realizar\u00e1 en el marco de la Semana por la Paz que durante estos d\u00edas promueve en la ciudad la Arquidi\u00f3cesis de Cali y la Vicar\u00eda para la Reconciliaci\u00f3n y la Paz.<\/p>\n<p>La cita para encender esta llama es a las 7:00 de la noche en la Plazoleta Jairo Varela, durante la realizaci\u00f3n del Encuentro Ecum\u00e9nico que hace parte de la programaci\u00f3n de la Semana por la Paz, el cual es convocado por la Fundaci\u00f3n Santa In\u00e9s y la Comisi\u00f3n Interurbana de Reconciliaci\u00f3n y Convivencia \u2013Ciurc-.<\/p>\n<p>Durante la actividad, la Alcald\u00eda de Cali entregar\u00e1 una vela \u2013 s\u00edmbolo de paz- a cada uno de los asistentes, la cual encender\u00e1n luego de que el alcalde Guerrero prenda la antorcha.<\/p>\n<p>La campa\u00f1a Llama por la Paz \u2018Apaguemos el fuego de la guerra y encendamos la llama de la paz\u2019 de la Asociaci\u00f3n Colombiana de Ciudades Capitales, pretende generar un espacio de encuentro, en donde se congreguen personas de todas las ciudades capitales de Colombia.<\/p>\n<p>Esto significa que el acto de luz se har\u00e1 de forma simult\u00e1nea en otras ciudades y estar\u00e1 dirigido por el alcalde de cada una de ellas.<\/p>\n<p>Fecha: Jueves 10 de septiembre de 2015<\/p>\n<p>Lugar: Plazoleta Jairo Varela<\/p>\n<p>Hora: 7:00 de la noche<\/p>\n<p>Fuente: Comunicaciones Alcald\u00eda<\/p>\n","protected":false},"excerpt":{"rendered":"<p>Este jueves 10 de septiembre, el alcalde de Cali, Rodrigo Guerrero Velasco, encender\u00e1 la \u2018Llama por la paz\u2019 representada en una antorcha, para unirse al clamor de todos los cale\u00f1os y colombianos que anhelan un pa\u00eds sin guerra para las actuales y futuras generaciones. El acto, que es convocado por[&#8230;]<\/p>\n","protected":false},"author":1,"featured_media":7043,"comment_status":"open","ping_status":"open","sticky":false,"template":"","format":"standard","meta":{"footnotes":""},"categories":[4],"tags":[],"_links":{"self":[{"href":"https:\/\/emisora.univalle.edu.co\/index.php\/wp-json\/wp\/v2\/posts\/7044"}],"collection":[{"href":"https:\/\/emisora.univalle.edu.co\/index.php\/wp-json\/wp\/v2\/posts"}],"about":[{"href":"https:\/\/emisora.univalle.edu.co\/index.php\/wp-json\/wp\/v2\/types\/post"}],"author":[{"embeddable":true,"href":"https:\/\/emisora.univalle.edu.co\/index.php\/wp-json\/wp\/v2\/users\/1"}],"replies":[{"embeddable":true,"href":"https:\/\/emisora.univalle.edu.co\/index.php\/wp-json\/wp\/v2\/comments?post=7044"}],"version-history":[{"count":2,"href":"https:\/\/emisora.univalle.edu.co\/index.php\/wp-json\/wp\/v2\/posts\/7044\/revisions"}],"predecessor-version":[{"id":7046,"href":"https:\/\/emisora.univalle.edu.co\/index.php\/wp-json\/wp\/v2\/posts\/7044\/revisions\/7046"}],"wp:featuredmedia":[{"embeddable":true,"href":"https:\/\/emisora.univalle.edu.co\/index.php\/wp-json\/wp\/v2\/media\/7043"}],"wp:attachment":[{"href":"https:\/\/emisora.univalle.edu.co\/index.php\/wp-json\/wp\/v2\/media?parent=7044"}],"wp:term":[{"taxonomy":"category","embeddable":true,"href":"https:\/\/emisora.univalle.edu.co\/index.php\/wp-json\/wp\/v2\/categories?post=7044"},{"taxonomy":"post_tag","embeddable":true,"href":"https:\/\/emisora.univalle.edu.co\/index.php\/wp-json\/wp\/v2\/tags?post=7044"}],"curies":[{"name":"wp","href":"https:\/\/api.w.org\/{rel}","templated":true}]}}