{"id":7047,"date":"2015-09-10T14:28:54","date_gmt":"2015-09-10T19:28:54","guid":{"rendered":"https:\/\/emisora.univalle.edu.co\/\/?p=7047"},"modified":"2015-09-10T14:28:54","modified_gmt":"2015-09-10T19:28:54","slug":"mininterior-inspeccionara-avances-de-la-instalacion-de-camaras-de-seguridad-en-cali-este-viernes","status":"publish","type":"post","link":"https:\/\/emisora.univalle.edu.co\/index.php\/mininterior-inspeccionara-avances-de-la-instalacion-de-camaras-de-seguridad-en-cali-este-viernes\/","title":{"rendered":"Mininterior inspeccionar\u00e1 avances de la instalaci\u00f3n de c\u00e1maras de seguridad en Cali, este viernes"},"content":{"rendered":"<p><span style=\"line-height: 1.5em;\">El ministro del Interior, Juan Fernando Cristo, estar\u00e1 este viernes 11 de septiembre en Cali para revisar el proyecto de videovigilancia que busca incrementar el combate a la delincuencia en esta ciudad.<\/span><\/p>\n<p>De 10:30 a 11:30 de la ma\u00f1ana, el jefe de la cartera pol\u00edtica realizar\u00e1 un recorrido por los puntos de monitoreo en los que se est\u00e1n instalando las c\u00e1maras de seguridad.<\/p>\n<p>Posteriormente, de 11:30 a 12:30, estar\u00e1 en el comando de la Polic\u00eda Metropolitana reunido con el alcalde Rodrigo Guerrero, la secretaria de Gobierno Municipal, Laura Lugo, y autoridades de Polic\u00eda para conocer el avance del proyecto de videovigilancia, que tiene una inversi\u00f3n de $29.560 millones, con la que se instalan 703 c\u00e1maras de alta tecnolog\u00eda.<\/p>\n<p>Del valor que cuesta el proyecto, $22.170 millones son aportados por el Ministerio del Interior a trav\u00e9s de Fonsecon y 7 mil 390 por la alcald\u00eda de Cali. Se espera que estas c\u00e1maras de seguridad terminen de ser instaladas este diciembre.<\/p>\n<p>Fuente: Comunicaciones Alcald\u00eda<\/p>\n","protected":false},"excerpt":{"rendered":"<p>El ministro del Interior, Juan Fernando Cristo, estar\u00e1 este viernes 11 de septiembre en Cali para revisar el proyecto de videovigilancia que busca incrementar el combate a la delincuencia en esta ciudad. De 10:30 a 11:30 de la ma\u00f1ana, el jefe de la cartera pol\u00edtica realizar\u00e1 un recorrido por los[&#8230;]<\/p>\n","protected":false},"author":1,"featured_media":7040,"comment_status":"open","ping_status":"open","sticky":false,"template":"","format":"standard","meta":{"footnotes":""},"categories":[4],"tags":[],"_links":{"self":[{"href":"https:\/\/emisora.univalle.edu.co\/index.php\/wp-json\/wp\/v2\/posts\/7047"}],"collection":[{"href":"https:\/\/emisora.univalle.edu.co\/index.php\/wp-json\/wp\/v2\/posts"}],"about":[{"href":"https:\/\/emisora.univalle.edu.co\/index.php\/wp-json\/wp\/v2\/types\/post"}],"author":[{"embeddable":true,"href":"https:\/\/emisora.univalle.edu.co\/index.php\/wp-json\/wp\/v2\/users\/1"}],"replies":[{"embeddable":true,"href":"https:\/\/emisora.univalle.edu.co\/index.php\/wp-json\/wp\/v2\/comments?post=7047"}],"version-history":[{"count":1,"href":"https:\/\/emisora.univalle.edu.co\/index.php\/wp-json\/wp\/v2\/posts\/7047\/revisions"}],"predecessor-version":[{"id":7048,"href":"https:\/\/emisora.univalle.edu.co\/index.php\/wp-json\/wp\/v2\/posts\/7047\/revisions\/7048"}],"wp:featuredmedia":[{"embeddable":true,"href":"https:\/\/emisora.univalle.edu.co\/index.php\/wp-json\/wp\/v2\/media\/7040"}],"wp:attachment":[{"href":"https:\/\/emisora.univalle.edu.co\/index.php\/wp-json\/wp\/v2\/media?parent=7047"}],"wp:term":[{"taxonomy":"category","embeddable":true,"href":"https:\/\/emisora.univalle.edu.co\/index.php\/wp-json\/wp\/v2\/categories?post=7047"},{"taxonomy":"post_tag","embeddable":true,"href":"https:\/\/emisora.univalle.edu.co\/index.php\/wp-json\/wp\/v2\/tags?post=7047"}],"curies":[{"name":"wp","href":"https:\/\/api.w.org\/{rel}","templated":true}]}}