{"id":7049,"date":"2015-09-10T14:32:50","date_gmt":"2015-09-10T19:32:50","guid":{"rendered":"https:\/\/emisora.univalle.edu.co\/\/?p=7049"},"modified":"2015-09-10T14:32:50","modified_gmt":"2015-09-10T19:32:50","slug":"lecturas-infantiles-en-oiga-mire-lea","status":"publish","type":"post","link":"https:\/\/emisora.univalle.edu.co\/index.php\/lecturas-infantiles-en-oiga-mire-lea\/","title":{"rendered":"Lecturas infantiles en Oiga, Mire, Lea"},"content":{"rendered":"<p><span style=\"line-height: 1.5em;\">Oye, Mira, Lea, el festival de literatura que realiza la Biblioteca Departamental Jorge Garc\u00e9s Borrero tiene para este fin de semana dos actividades acad\u00e9micas dirigidas por invitadas internacionales que facilitar\u00e1n los procesos de lectura y escritura en las entidades culturales y de ense\u00f1anza p\u00fablica. \u00a0\u00a0<\/span><\/p>\n<p>El viernes 11 Paula Bombara, de Argentina, dictar\u00e1 un taller de lectura a docentes y bibliotecarios mientras que el s\u00e1bado 12 Mar\u00eda Garc\u00eda Esper\u00f3n, de M\u00e9xico, har\u00e1 una exposici\u00f3n pr\u00e1ctica sobre c\u00f3mo ense\u00f1ar poes\u00eda a los ni\u00f1os; ambas escritoras son especialistas en literatura infantil y participan en el festival Oye, Mira, Lea que se lleva a cabo con el apoyo de la Alcald\u00eda de Cali y el Fondo de Cultura Econ\u00f3mica al igual que entidades oficiales y privadas as\u00ed como medios de radio, prensa y televisi\u00f3n de la capital del Valle del Cauca.<\/p>\n<p>Las dos actividades se desarrollar\u00e1n con cupo limitado en las instalaciones de la Biblioteca Departamental.<\/p>\n<p>M\u00e1s informaci\u00f3n: 620 04 55<\/p>\n<p>Fuente: Comunicaciones Bibiloteca<\/p>\n","protected":false},"excerpt":{"rendered":"<p>Oye, Mira, Lea, el festival de literatura que realiza la Biblioteca Departamental Jorge Garc\u00e9s Borrero tiene para este fin de semana dos actividades acad\u00e9micas dirigidas por invitadas internacionales que facilitar\u00e1n los procesos de lectura y escritura en las entidades culturales y de ense\u00f1anza p\u00fablica. \u00a0\u00a0 El viernes 11 Paula Bombara,[&#8230;]<\/p>\n","protected":false},"author":1,"featured_media":5152,"comment_status":"open","ping_status":"open","sticky":false,"template":"","format":"standard","meta":{"footnotes":""},"categories":[4],"tags":[],"_links":{"self":[{"href":"https:\/\/emisora.univalle.edu.co\/index.php\/wp-json\/wp\/v2\/posts\/7049"}],"collection":[{"href":"https:\/\/emisora.univalle.edu.co\/index.php\/wp-json\/wp\/v2\/posts"}],"about":[{"href":"https:\/\/emisora.univalle.edu.co\/index.php\/wp-json\/wp\/v2\/types\/post"}],"author":[{"embeddable":true,"href":"https:\/\/emisora.univalle.edu.co\/index.php\/wp-json\/wp\/v2\/users\/1"}],"replies":[{"embeddable":true,"href":"https:\/\/emisora.univalle.edu.co\/index.php\/wp-json\/wp\/v2\/comments?post=7049"}],"version-history":[{"count":1,"href":"https:\/\/emisora.univalle.edu.co\/index.php\/wp-json\/wp\/v2\/posts\/7049\/revisions"}],"predecessor-version":[{"id":7050,"href":"https:\/\/emisora.univalle.edu.co\/index.php\/wp-json\/wp\/v2\/posts\/7049\/revisions\/7050"}],"wp:featuredmedia":[{"embeddable":true,"href":"https:\/\/emisora.univalle.edu.co\/index.php\/wp-json\/wp\/v2\/media\/5152"}],"wp:attachment":[{"href":"https:\/\/emisora.univalle.edu.co\/index.php\/wp-json\/wp\/v2\/media?parent=7049"}],"wp:term":[{"taxonomy":"category","embeddable":true,"href":"https:\/\/emisora.univalle.edu.co\/index.php\/wp-json\/wp\/v2\/categories?post=7049"},{"taxonomy":"post_tag","embeddable":true,"href":"https:\/\/emisora.univalle.edu.co\/index.php\/wp-json\/wp\/v2\/tags?post=7049"}],"curies":[{"name":"wp","href":"https:\/\/api.w.org\/{rel}","templated":true}]}}