{"id":7051,"date":"2015-09-10T14:33:52","date_gmt":"2015-09-10T19:33:52","guid":{"rendered":"https:\/\/emisora.univalle.edu.co\/\/?p=7051"},"modified":"2015-09-10T14:33:52","modified_gmt":"2015-09-10T19:33:52","slug":"encuentro-de-entidades-gubernamentales-usuarias-de-los-servicios-publicos","status":"publish","type":"post","link":"https:\/\/emisora.univalle.edu.co\/index.php\/encuentro-de-entidades-gubernamentales-usuarias-de-los-servicios-publicos\/","title":{"rendered":"Encuentro de entidades gubernamentales usuarias de los servicios p\u00fablicos"},"content":{"rendered":"<p><span style=\"line-height: 1.5em;\">Continuando con la pol\u00edtica de acercamiento con los usuarios de servicios p\u00fablicos Empresas Municipales de Cali, Emcali, realizar\u00e1 el viernes 11 de septiembre, en el Hotel Intercontinental a partir de las 2:00 p.m. el Encuentro de entidades gubernamentales usuarias de los servicios p\u00fablicos; evento en el que adem\u00e1s de continuar construyendo relaciones sostenibles y permanentes se buscar\u00e1n soluciones para el pago de las facturas de servicios p\u00fablicos.\u00a0<\/span><\/p>\n<p>La convocatoria est\u00e1 dirigida a las entidades gubernamentales del orden municipal, departamental y nacional, considerando que ellas, como usuarias de servicios p\u00fablicos, tienen un alto porcentaje de participaci\u00f3n en el recaudo y cartera de Emcali.<\/p>\n<p>EMCALI, una empresa por naturaleza socialmente responsable que se preocupa por contribuir al apoyo de las principales instituciones de la comunidad,\u00a0 a trav\u00e9s del Departamento de Cartera, adscrito a la Direcci\u00f3n de Tesorer\u00eda de la Gerencia Financiera, ha definido esta clase de eventos como estrategia para mejorar la atenci\u00f3n y el recaudo de este segmento.<\/p>\n<p>Contaremos con la presencia de expositores como\u00a0 Contralor\u00eda Departamental, Contralor\u00eda Municipal, Personer\u00eda Municipal, como entes de control.<\/p>\n<p>Igualmente La Direcci\u00f3n de Atenci\u00f3n al Cliente, de la Gerencia Comercial\u00a0 ofrecer\u00e1 informaci\u00f3n sobre venta, instalaci\u00f3n, clausuras, reinstalaciones, solicitud de traslados, ingreso y retiro de suscriptores.<\/p>\n<p>Tambi\u00e9n se les brindar\u00e1 a los participantes la oportunidad de conocer los planes y pol\u00edticas para el recaudo de la facturaci\u00f3n del mes y la cartera.<\/p>\n<p>En el cierre del evento Emcali Eice ESP ofrecer\u00e1 a los asistentes una conferencia sobre \u201cHabilidades de Comunicaci\u00f3n\u201d.<\/p>\n<p>Fuente: Comunicaciones Emcali<\/p>\n","protected":false},"excerpt":{"rendered":"<p>Continuando con la pol\u00edtica de acercamiento con los usuarios de servicios p\u00fablicos Empresas Municipales de Cali, Emcali, realizar\u00e1 el viernes 11 de septiembre, en el Hotel Intercontinental a partir de las 2:00 p.m. el Encuentro de entidades gubernamentales usuarias de los servicios p\u00fablicos; evento en el que adem\u00e1s de continuar[&#8230;]<\/p>\n","protected":false},"author":1,"featured_media":6193,"comment_status":"open","ping_status":"open","sticky":false,"template":"","format":"standard","meta":{"footnotes":""},"categories":[4],"tags":[],"_links":{"self":[{"href":"https:\/\/emisora.univalle.edu.co\/index.php\/wp-json\/wp\/v2\/posts\/7051"}],"collection":[{"href":"https:\/\/emisora.univalle.edu.co\/index.php\/wp-json\/wp\/v2\/posts"}],"about":[{"href":"https:\/\/emisora.univalle.edu.co\/index.php\/wp-json\/wp\/v2\/types\/post"}],"author":[{"embeddable":true,"href":"https:\/\/emisora.univalle.edu.co\/index.php\/wp-json\/wp\/v2\/users\/1"}],"replies":[{"embeddable":true,"href":"https:\/\/emisora.univalle.edu.co\/index.php\/wp-json\/wp\/v2\/comments?post=7051"}],"version-history":[{"count":1,"href":"https:\/\/emisora.univalle.edu.co\/index.php\/wp-json\/wp\/v2\/posts\/7051\/revisions"}],"predecessor-version":[{"id":7052,"href":"https:\/\/emisora.univalle.edu.co\/index.php\/wp-json\/wp\/v2\/posts\/7051\/revisions\/7052"}],"wp:featuredmedia":[{"embeddable":true,"href":"https:\/\/emisora.univalle.edu.co\/index.php\/wp-json\/wp\/v2\/media\/6193"}],"wp:attachment":[{"href":"https:\/\/emisora.univalle.edu.co\/index.php\/wp-json\/wp\/v2\/media?parent=7051"}],"wp:term":[{"taxonomy":"category","embeddable":true,"href":"https:\/\/emisora.univalle.edu.co\/index.php\/wp-json\/wp\/v2\/categories?post=7051"},{"taxonomy":"post_tag","embeddable":true,"href":"https:\/\/emisora.univalle.edu.co\/index.php\/wp-json\/wp\/v2\/tags?post=7051"}],"curies":[{"name":"wp","href":"https:\/\/api.w.org\/{rel}","templated":true}]}}