{"id":7055,"date":"2015-09-10T14:51:22","date_gmt":"2015-09-10T19:51:22","guid":{"rendered":"https:\/\/emisora.univalle.edu.co\/\/?p=7055"},"modified":"2015-09-10T14:56:55","modified_gmt":"2015-09-10T19:56:55","slug":"encuentro-departamental-de-emisoras-comunitarias","status":"publish","type":"post","link":"https:\/\/emisora.univalle.edu.co\/index.php\/encuentro-departamental-de-emisoras-comunitarias\/","title":{"rendered":"Encuentro Departamental de Emisoras Comunitarias"},"content":{"rendered":"<p><span style=\"line-height: 1.5em;\"><a href=\"https:\/\/emisora.univalle.edu.co\/\/wp-content\/uploads\/2015\/09\/Radio-comunitaria1.jpg\" data-lightbox=\"gal[7055]\"><img loading=\"lazy\" decoding=\"async\" class=\"size-full wp-image-7058 alignleft\" alt=\"Radio comunitaria1\" src=\"https:\/\/emisora.univalle.edu.co\/\/wp-content\/uploads\/2015\/09\/Radio-comunitaria1.jpg\" width=\"367\" height=\"137\" srcset=\"https:\/\/emisora.univalle.edu.co\/wp-content\/uploads\/2015\/09\/Radio-comunitaria1.jpg 367w, https:\/\/emisora.univalle.edu.co\/wp-content\/uploads\/2015\/09\/Radio-comunitaria1-300x111.jpg 300w\" sizes=\"(max-width: 367px) 100vw, 367px\" \/><\/a>El Departamento del Valle del Cauca, impulsa el fortalecimiento de medios Comunitarios a trav\u00e9s de la Secretar\u00eda de Cultura Departamental\u00a0 y el Ministerio de Cultura, quienes\u00a0 realizaran el Encuentro Departamental de Emisoras Comunitarias del Valle del Cauca, el pr\u00f3ximo viernes 11 de septiembre a partir de las 8:00am en la Biblioteca Departamental Jorge Garc\u00e9s Borrero &#8211; Auditorio Oscar Gerardo Ramos.<\/span><\/p>\n<p>Desde el a\u00f1o 2008 el Gobierno nacional impuls\u00f3, \u201cla creaci\u00f3n de espacios radiales que fueran propicios\u00a0para la generaci\u00f3n de expresi\u00f3n, informaci\u00f3n, educaci\u00f3n, comunicaci\u00f3n, promoci\u00f3n cultural, formaci\u00f3n, debate y concertaci\u00f3n\u00a0que conduzcan al <a href=\"https:\/\/emisora.univalle.edu.co\/\/wp-content\/uploads\/2015\/09\/Secretaria-de-Cultura.jpg\" data-lightbox=\"gal[7055]\"><img loading=\"lazy\" decoding=\"async\" class=\"alignright size-medium wp-image-7059\" alt=\"Secretaria de Cultura\" src=\"https:\/\/emisora.univalle.edu.co\/\/wp-content\/uploads\/2015\/09\/Secretaria-de-Cultura-300x145.jpg\" width=\"300\" height=\"145\" srcset=\"https:\/\/emisora.univalle.edu.co\/wp-content\/uploads\/2015\/09\/Secretaria-de-Cultura-300x145.jpg 300w, https:\/\/emisora.univalle.edu.co\/wp-content\/uploads\/2015\/09\/Secretaria-de-Cultura-438x211.jpg 438w, https:\/\/emisora.univalle.edu.co\/wp-content\/uploads\/2015\/09\/Secretaria-de-Cultura.jpg 620w\" sizes=\"(max-width: 300px) 100vw, 300px\" \/><\/a>\u00a0encuentro entre las diferentes identidades y expresiones culturales de la comunidad\u201d seg\u00fan la Subdirecci\u00f3n de Radiodifusi\u00f3n sonora del Ministerio de las TIC\u2019S.<\/p>\n<p>En aras de visibilizar y apoyar los nuevos espacios de radiodifusi\u00f3n sonora, como son las emisoras comunitarias de los 42 municipios del Valle del Cauca, este encuentro buscar\u00e1 dar pautas y herramientas para\u00a0 la presentaci\u00f3n de proyectos al Programa Nacional de Concertaci\u00f3n Cultural 2016.<\/p>\n<p>\u201cQueremos fortalecer estos espacios sonoros, como medios fundamentales para el desarrollo cultural de cada rinc\u00f3n del departamento, no solo por su potencial espectro de radio escuchas, sino porque son un gran aporte para la integraci\u00f3n, la participaci\u00f3n y la convivencia pac\u00edfica del departamento\u201d Afirm\u00f3 la Secretar\u00eda de Cultura Departamental Ana Mar\u00eda Jaramillo Torres.<\/p>\n<p style=\"text-align: center;\"><a href=\"https:\/\/emisora.univalle.edu.co\/\/wp-content\/uploads\/2015\/09\/Emisora-comunitaria.jpg\" data-lightbox=\"gal[7055]\"><img loading=\"lazy\" decoding=\"async\" class=\"size-medium wp-image-7056 aligncenter\" alt=\"Emisora comunitaria\" src=\"https:\/\/emisora.univalle.edu.co\/\/wp-content\/uploads\/2015\/09\/Emisora-comunitaria-300x169.jpg\" width=\"300\" height=\"169\" srcset=\"https:\/\/emisora.univalle.edu.co\/wp-content\/uploads\/2015\/09\/Emisora-comunitaria-300x169.jpg 300w, https:\/\/emisora.univalle.edu.co\/wp-content\/uploads\/2015\/09\/Emisora-comunitaria-438x246.jpg 438w, https:\/\/emisora.univalle.edu.co\/wp-content\/uploads\/2015\/09\/Emisora-comunitaria.jpg 500w\" sizes=\"(max-width: 300px) 100vw, 300px\" \/><\/a><\/p>\n<p>Fuente: Comunicaciones Gobernaci\u00f3n<\/p>\n","protected":false},"excerpt":{"rendered":"<p>El Departamento del Valle del Cauca, impulsa el fortalecimiento de medios Comunitarios a trav\u00e9s de la Secretar\u00eda de Cultura Departamental\u00a0 y el Ministerio de Cultura, quienes\u00a0 realizaran el Encuentro Departamental de Emisoras Comunitarias del Valle del Cauca, el pr\u00f3ximo viernes 11 de septiembre a partir de las 8:00am en la[&#8230;]<\/p>\n","protected":false},"author":1,"featured_media":7057,"comment_status":"open","ping_status":"open","sticky":false,"template":"","format":"standard","meta":{"footnotes":""},"categories":[4],"tags":[],"_links":{"self":[{"href":"https:\/\/emisora.univalle.edu.co\/index.php\/wp-json\/wp\/v2\/posts\/7055"}],"collection":[{"href":"https:\/\/emisora.univalle.edu.co\/index.php\/wp-json\/wp\/v2\/posts"}],"about":[{"href":"https:\/\/emisora.univalle.edu.co\/index.php\/wp-json\/wp\/v2\/types\/post"}],"author":[{"embeddable":true,"href":"https:\/\/emisora.univalle.edu.co\/index.php\/wp-json\/wp\/v2\/users\/1"}],"replies":[{"embeddable":true,"href":"https:\/\/emisora.univalle.edu.co\/index.php\/wp-json\/wp\/v2\/comments?post=7055"}],"version-history":[{"count":1,"href":"https:\/\/emisora.univalle.edu.co\/index.php\/wp-json\/wp\/v2\/posts\/7055\/revisions"}],"predecessor-version":[{"id":7060,"href":"https:\/\/emisora.univalle.edu.co\/index.php\/wp-json\/wp\/v2\/posts\/7055\/revisions\/7060"}],"wp:featuredmedia":[{"embeddable":true,"href":"https:\/\/emisora.univalle.edu.co\/index.php\/wp-json\/wp\/v2\/media\/7057"}],"wp:attachment":[{"href":"https:\/\/emisora.univalle.edu.co\/index.php\/wp-json\/wp\/v2\/media?parent=7055"}],"wp:term":[{"taxonomy":"category","embeddable":true,"href":"https:\/\/emisora.univalle.edu.co\/index.php\/wp-json\/wp\/v2\/categories?post=7055"},{"taxonomy":"post_tag","embeddable":true,"href":"https:\/\/emisora.univalle.edu.co\/index.php\/wp-json\/wp\/v2\/tags?post=7055"}],"curies":[{"name":"wp","href":"https:\/\/api.w.org\/{rel}","templated":true}]}}