{"id":7061,"date":"2015-09-10T14:57:51","date_gmt":"2015-09-10T19:57:51","guid":{"rendered":"https:\/\/emisora.univalle.edu.co\/\/?p=7061"},"modified":"2015-09-10T14:57:51","modified_gmt":"2015-09-10T19:57:51","slug":"lanzan-programa-de-empleabilidad-para-personas-con-discapacidad","status":"publish","type":"post","link":"https:\/\/emisora.univalle.edu.co\/index.php\/lanzan-programa-de-empleabilidad-para-personas-con-discapacidad\/","title":{"rendered":"Lanzan programa de empleabilidad para personas con discapacidad"},"content":{"rendered":"<p><span style=\"line-height: 1.5em;\">Este s\u00e1bado 12 de septiembre, en el Coliseo Mar\u00eda Isabel Urrutia, a partir de las 9:00 de la ma\u00f1ana, se realizar\u00e1 el lanzamiento del programa de empleabilidad para personas con discapacidad \u2018Sin L\u00edmites\u2019, liderado por la Secretar\u00eda de Desarrollo Territorial y Bienestar Social y la fundaci\u00f3n Internacional Mar\u00eda Luisa Moreno.<\/span><\/p>\n<p>Seg\u00fan informa Luis Alfredo G\u00f3mez Guerrero, secretario de Bienestar Social, previo al lanzamiento del programa se sensibilizaron 1755 personas con discapacidad, junto a sus cuidadores y acompa\u00f1antes.<\/p>\n<p>Posteriormente, fueron seleccionados 320 personas con diversidad funcional, abriendo de esta manera puertas a la inclusi\u00f3n y contribuyendo a la construcci\u00f3n de sue\u00f1os.<\/p>\n<p>Al evento asistir\u00e1n las personas seleccionadas al programa, los empresarios y representantes del sector p\u00fablico.<\/p>\n<p>Fuente: Comunicaciones Alcald\u00eda<\/p>\n","protected":false},"excerpt":{"rendered":"<p>Este s\u00e1bado 12 de septiembre, en el Coliseo Mar\u00eda Isabel Urrutia, a partir de las 9:00 de la ma\u00f1ana, se realizar\u00e1 el lanzamiento del programa de empleabilidad para personas con discapacidad \u2018Sin L\u00edmites\u2019, liderado por la Secretar\u00eda de Desarrollo Territorial y Bienestar Social y la fundaci\u00f3n Internacional Mar\u00eda Luisa Moreno.[&#8230;]<\/p>\n","protected":false},"author":1,"featured_media":7041,"comment_status":"open","ping_status":"open","sticky":false,"template":"","format":"standard","meta":{"footnotes":""},"categories":[4],"tags":[],"_links":{"self":[{"href":"https:\/\/emisora.univalle.edu.co\/index.php\/wp-json\/wp\/v2\/posts\/7061"}],"collection":[{"href":"https:\/\/emisora.univalle.edu.co\/index.php\/wp-json\/wp\/v2\/posts"}],"about":[{"href":"https:\/\/emisora.univalle.edu.co\/index.php\/wp-json\/wp\/v2\/types\/post"}],"author":[{"embeddable":true,"href":"https:\/\/emisora.univalle.edu.co\/index.php\/wp-json\/wp\/v2\/users\/1"}],"replies":[{"embeddable":true,"href":"https:\/\/emisora.univalle.edu.co\/index.php\/wp-json\/wp\/v2\/comments?post=7061"}],"version-history":[{"count":1,"href":"https:\/\/emisora.univalle.edu.co\/index.php\/wp-json\/wp\/v2\/posts\/7061\/revisions"}],"predecessor-version":[{"id":7062,"href":"https:\/\/emisora.univalle.edu.co\/index.php\/wp-json\/wp\/v2\/posts\/7061\/revisions\/7062"}],"wp:featuredmedia":[{"embeddable":true,"href":"https:\/\/emisora.univalle.edu.co\/index.php\/wp-json\/wp\/v2\/media\/7041"}],"wp:attachment":[{"href":"https:\/\/emisora.univalle.edu.co\/index.php\/wp-json\/wp\/v2\/media?parent=7061"}],"wp:term":[{"taxonomy":"category","embeddable":true,"href":"https:\/\/emisora.univalle.edu.co\/index.php\/wp-json\/wp\/v2\/categories?post=7061"},{"taxonomy":"post_tag","embeddable":true,"href":"https:\/\/emisora.univalle.edu.co\/index.php\/wp-json\/wp\/v2\/tags?post=7061"}],"curies":[{"name":"wp","href":"https:\/\/api.w.org\/{rel}","templated":true}]}}