{"id":7116,"date":"2015-09-14T14:47:13","date_gmt":"2015-09-14T19:47:13","guid":{"rendered":"https:\/\/emisora.univalle.edu.co\/\/?p=7116"},"modified":"2015-09-14T14:47:13","modified_gmt":"2015-09-14T19:47:13","slug":"arte-peruano-en-la-biblioteca-mario-carvajal","status":"publish","type":"post","link":"https:\/\/emisora.univalle.edu.co\/index.php\/arte-peruano-en-la-biblioteca-mario-carvajal\/","title":{"rendered":"Arte peruano en la Biblioteca Mario Carvajal"},"content":{"rendered":"<p><span style=\"line-height: 1.5em;\">\u00a0\u201cUna muestra art\u00edstica visita la Universidad del Valle por su prestigio, sabemos que tiene m\u00e1s de 27 mil alumnos, que es una universidad estatal que impacta enormemente en la regi\u00f3n y que tiene un excelente nivel acad\u00e9mico. Hemos tenido un gran apoyo por la Universidad, nos han brindado facilidades para traer la exposici\u00f3n y la acogieron con gusto. Gracias a estas voluntades podemos traer esta exposici\u00f3n a la ciudad\u201d.<\/span><\/p>\n<p>Con estas palabras, el primer ministro y jefe de canciller\u00eda de la Embajada del Per\u00fa Juan del Campo Rodr\u00edguez inaugur\u00f3 las exposiciones art\u00edsticas \u201cProfundo Respirar\u201d y \u201cAmazonas: \u00faltimo para\u00edso m\u00e1gico\u201d, alojadas en la Biblioteca Mario Carvajal de la Universidad del Valle.<a href=\"https:\/\/emisora.univalle.edu.co\/\/wp-content\/uploads\/2015\/09\/Arte-peruano.jpg\" data-lightbox=\"gal[7116]\"><img loading=\"lazy\" decoding=\"async\" class=\"alignright size-full wp-image-7089\" alt=\"Arte peruano\" src=\"https:\/\/emisora.univalle.edu.co\/\/wp-content\/uploads\/2015\/09\/Arte-peruano.jpg\" width=\"400\" height=\"215\" srcset=\"https:\/\/emisora.univalle.edu.co\/wp-content\/uploads\/2015\/09\/Arte-peruano.jpg 400w, https:\/\/emisora.univalle.edu.co\/wp-content\/uploads\/2015\/09\/Arte-peruano-300x161.jpg 300w\" sizes=\"(max-width: 400px) 100vw, 400px\" \/><\/a><\/p>\n<p>\u201cHoy estamos abriendo para toda la comunidad universitaria una exposici\u00f3n de pintores peruanos cuzque\u00f1os y amaz\u00f3nicos. Es una muestra que ya hab\u00eda estado en Bogot\u00e1 y Cali es la segunda ciudad colombiana que visita. Esta es una muestra art\u00edstica que representa dos regiones importantes para el Per\u00fa, como lo es la Amazon\u00eda y la regi\u00f3n andina, sobre todo Cuzco, que fue la capital del Imperio Inca. Por eso, queremos mostrarle a los estudiantes y la comunidad en general esta muestra art\u00edstica que une a los pueblos\u201d, agreg\u00f3 el diplom\u00e1tico peruano.<\/p>\n<p>Estas exposiciones se lograron gracias a una gesti\u00f3n en conjunto de la Facultad de Artes Integradas y la Embajada del Per\u00fa; estar\u00e1n abiertas al p\u00fablico del 10 hasta el 28 de septiembre en la Sala Jos\u00e9 Celestino Mutis.<\/p>\n<p>En \u201cProfundo respirar, acercamiento al arte bidimensional de Cusco 1990-2014\u201d se intenta mostrar al individuo de este punto geogr\u00e1fico que, m\u00e1s all\u00e1 del turismo, vive entre la tradici\u00f3n y la modernidad y se evidencia en artistas inquietos por la experimentaci\u00f3n que incorporan las est\u00e9ticas contempor\u00e1neas. Las obras de esta muestra son de los pintores: Jos\u00e9 Luis Carre\u00f1o Zarate, Mario Curasi Rodr\u00edguez, Napole\u00f3n Rojas Veramende, Carlos Bardales Rojas, Victor \u00c1ngel Z\u00fa\u00f1iga Aedo, Richard Peralta Jim\u00e9nez, entre otros.<\/p>\n<p>\u201cAmazonas: \u00faltimo para\u00edso m\u00e1gico\u201d refleja el inter\u00e9s de los artistas Antonio Garc\u00eda, Gino Ceccarelly y Rember Yahuarcani por la Amazon\u00eda peruana. En esta exposici\u00f3n se crea una reflexi\u00f3n en torno a la importancia de conservar y proteger las culturas vivas de la Amazon\u00eda desde su legado espiritual- conocimientos ancestrales- hasta el valor real del cuidado de la biodiversidad de sus ecosistemas.<\/p>\n<p>Fuente: Agencia de Noticias Univalle<\/p>\n","protected":false},"excerpt":{"rendered":"<p>\u00a0\u201cUna muestra art\u00edstica visita la Universidad del Valle por su prestigio, sabemos que tiene m\u00e1s de 27 mil alumnos, que es una universidad estatal que impacta enormemente en la regi\u00f3n y que tiene un excelente nivel acad\u00e9mico. Hemos tenido un gran apoyo por la Universidad, nos han brindado facilidades para[&#8230;]<\/p>\n","protected":false},"author":1,"featured_media":7090,"comment_status":"open","ping_status":"open","sticky":false,"template":"","format":"standard","meta":{"footnotes":""},"categories":[4],"tags":[],"_links":{"self":[{"href":"https:\/\/emisora.univalle.edu.co\/index.php\/wp-json\/wp\/v2\/posts\/7116"}],"collection":[{"href":"https:\/\/emisora.univalle.edu.co\/index.php\/wp-json\/wp\/v2\/posts"}],"about":[{"href":"https:\/\/emisora.univalle.edu.co\/index.php\/wp-json\/wp\/v2\/types\/post"}],"author":[{"embeddable":true,"href":"https:\/\/emisora.univalle.edu.co\/index.php\/wp-json\/wp\/v2\/users\/1"}],"replies":[{"embeddable":true,"href":"https:\/\/emisora.univalle.edu.co\/index.php\/wp-json\/wp\/v2\/comments?post=7116"}],"version-history":[{"count":1,"href":"https:\/\/emisora.univalle.edu.co\/index.php\/wp-json\/wp\/v2\/posts\/7116\/revisions"}],"predecessor-version":[{"id":7117,"href":"https:\/\/emisora.univalle.edu.co\/index.php\/wp-json\/wp\/v2\/posts\/7116\/revisions\/7117"}],"wp:featuredmedia":[{"embeddable":true,"href":"https:\/\/emisora.univalle.edu.co\/index.php\/wp-json\/wp\/v2\/media\/7090"}],"wp:attachment":[{"href":"https:\/\/emisora.univalle.edu.co\/index.php\/wp-json\/wp\/v2\/media?parent=7116"}],"wp:term":[{"taxonomy":"category","embeddable":true,"href":"https:\/\/emisora.univalle.edu.co\/index.php\/wp-json\/wp\/v2\/categories?post=7116"},{"taxonomy":"post_tag","embeddable":true,"href":"https:\/\/emisora.univalle.edu.co\/index.php\/wp-json\/wp\/v2\/tags?post=7116"}],"curies":[{"name":"wp","href":"https:\/\/api.w.org\/{rel}","templated":true}]}}