{"id":7118,"date":"2015-09-14T14:47:59","date_gmt":"2015-09-14T19:47:59","guid":{"rendered":"https:\/\/emisora.univalle.edu.co\/\/?p=7118"},"modified":"2015-09-14T14:49:47","modified_gmt":"2015-09-14T19:49:47","slug":"ganadora-en-premio-de-periodismo-ambiental","status":"publish","type":"post","link":"https:\/\/emisora.univalle.edu.co\/index.php\/ganadora-en-premio-de-periodismo-ambiental\/","title":{"rendered":"Ganadora en Premio de Periodismo Ambiental"},"content":{"rendered":"<p><span style=\"line-height: 1.5em;\">La estudiante de la Escuela de Comunicaci\u00f3n Social de la Universidad del Valle Kelly S\u00e1nchez gan\u00f3 el segundo lugar en la Categor\u00eda de Estudiantes, durante los XVIII Premios Amway de Periodismo Ambiental.<\/span><\/p>\n<p>El premio fue otorgado por el texto \u201cRespira Profundo\u201d publicado en la revista Ciudad Vaga, de la Escuela de Comunicaci\u00f3n Social de la Universidad del Valle. Los jurados destacaron el contenido, el impacto, la creatividad, la pertinencia y el rigor de las piezas period\u00edsticas ganadoras. Ver reportaje.<\/p>\n<p>El jurado calificador, de experiencia y conocimiento en temas ambientales y period\u00edsticos, estuvo integrado por Manuel Rodr\u00edguez Becerra, experto en cuidado medio ambiental y primer ministro de Medio Ambiente del pa\u00eds; Dar\u00edo Arizmendi Posada, Director de la Red de Noticias de Caracol Radio; Julia Miranda Londo\u00f1o, Directora de Parques Nacionales Naturales de Colombia; Dar\u00edo Restrepo V\u00e9lez, Director del Sistema de Noticias City TV de la casa editorial El Tiempo; y Mar\u00eda Alejandra Villamizar, Periodista y Directora del programa Pedagog\u00eda para la Paz.<\/p>\n<p>En este mismo a\u00f1o, Kelly S\u00e1nchez gan\u00f3 una Menci\u00f3n de Honor del Premio de Periodismo Alfonso Bonilla Arag\u00f3n, en la categor\u00eda \u00abPeriodismo Universitario\u00bb, con el texto \u201cLa onda que conquist\u00f3 a un pueblo\u201d, un lindo homenaje a la radio AM, tambi\u00e9n publicado en la Revista Ciudad Vaga, realizado en conjunto con las tambi\u00e9n estudiantes de la Escuela de Comunicaci\u00f3n Social de la Universidad del Valle Mar\u00eda Camila Cuenca, Laura Soto, Erika Delgado y Laura Mu\u00f1oz. Ver reportaje.<\/p>\n<p>El Premio Amway de Periodismo Ambiental tiene como objetivo convertirse en una voz para controvertir aquello que no est\u00e1 bien, destacar las buenas historias, despertar ante las duras realidades y ver con mayor responsabilidad y sentido cr\u00edtico, un sinn\u00famero de problemas alrededor de este tema.<\/p>\n<p>Fuente: Agencia de Noticias Univalle<\/p>\n","protected":false},"excerpt":{"rendered":"<p>La estudiante de la Escuela de Comunicaci\u00f3n Social de la Universidad del Valle Kelly S\u00e1nchez gan\u00f3 el segundo lugar en la Categor\u00eda de Estudiantes, durante los XVIII Premios Amway de Periodismo Ambiental. El premio fue otorgado por el texto \u201cRespira Profundo\u201d publicado en la revista Ciudad Vaga, de la Escuela[&#8230;]<\/p>\n","protected":false},"author":1,"featured_media":7120,"comment_status":"open","ping_status":"open","sticky":false,"template":"","format":"standard","meta":{"footnotes":""},"categories":[4],"tags":[],"_links":{"self":[{"href":"https:\/\/emisora.univalle.edu.co\/index.php\/wp-json\/wp\/v2\/posts\/7118"}],"collection":[{"href":"https:\/\/emisora.univalle.edu.co\/index.php\/wp-json\/wp\/v2\/posts"}],"about":[{"href":"https:\/\/emisora.univalle.edu.co\/index.php\/wp-json\/wp\/v2\/types\/post"}],"author":[{"embeddable":true,"href":"https:\/\/emisora.univalle.edu.co\/index.php\/wp-json\/wp\/v2\/users\/1"}],"replies":[{"embeddable":true,"href":"https:\/\/emisora.univalle.edu.co\/index.php\/wp-json\/wp\/v2\/comments?post=7118"}],"version-history":[{"count":1,"href":"https:\/\/emisora.univalle.edu.co\/index.php\/wp-json\/wp\/v2\/posts\/7118\/revisions"}],"predecessor-version":[{"id":7119,"href":"https:\/\/emisora.univalle.edu.co\/index.php\/wp-json\/wp\/v2\/posts\/7118\/revisions\/7119"}],"wp:featuredmedia":[{"embeddable":true,"href":"https:\/\/emisora.univalle.edu.co\/index.php\/wp-json\/wp\/v2\/media\/7120"}],"wp:attachment":[{"href":"https:\/\/emisora.univalle.edu.co\/index.php\/wp-json\/wp\/v2\/media?parent=7118"}],"wp:term":[{"taxonomy":"category","embeddable":true,"href":"https:\/\/emisora.univalle.edu.co\/index.php\/wp-json\/wp\/v2\/categories?post=7118"},{"taxonomy":"post_tag","embeddable":true,"href":"https:\/\/emisora.univalle.edu.co\/index.php\/wp-json\/wp\/v2\/tags?post=7118"}],"curies":[{"name":"wp","href":"https:\/\/api.w.org\/{rel}","templated":true}]}}