{"id":7123,"date":"2015-09-14T14:53:22","date_gmt":"2015-09-14T19:53:22","guid":{"rendered":"https:\/\/emisora.univalle.edu.co\/\/?p=7123"},"modified":"2015-09-14T14:53:22","modified_gmt":"2015-09-14T19:53:22","slug":"incendios-forestales-en-el-valle-preocupan-la-administracion-departamental","status":"publish","type":"post","link":"https:\/\/emisora.univalle.edu.co\/index.php\/incendios-forestales-en-el-valle-preocupan-la-administracion-departamental\/","title":{"rendered":"Incendios forestales en el Valle preocupan a la administraci\u00f3n departamental"},"content":{"rendered":"<p><span style=\"line-height: 1.5em;\">A ra\u00edz del fen\u00f3meno del ni\u00f1o actualmente se han presentado m\u00e1s de 2.000 incendios forestales en el Valle del Cauca y su capital, por lo que el Consejo de Seguridad presidido por la Secretar\u00eda de Gobierno adopt\u00f3 medidas con las autoridades regionales para hacerle frente a esta situaci\u00f3n.<\/span><\/p>\n<p>\u00abEstamos en una situaci\u00f3n que afecta no solo al medio ambiente sino a la ciudadan\u00eda en general, estos incendios que se han venido presentando, en gran parte son ocasionados por manos humanas que buscan \u00fanicamente hacer da\u00f1o. Por eso estamos tomando medidas con las autoridades de Polic\u00eda, Bomberos, ej\u00e9rcito, fiscal\u00eda y unidad del gesti\u00f3n del riesgo, para hacerle entender a la comunidad Vallecaucana de que las quemas ocasionadas lo \u00fanico que traen es perjuicio al medio ambiente\u00bb, manifest\u00f3 Orlando Riascos, secretario de gobierno departamental.<a href=\"https:\/\/emisora.univalle.edu.co\/\/wp-content\/uploads\/2015\/09\/Incendios-forestales.jpg\" data-lightbox=\"gal[7123]\"><img loading=\"lazy\" decoding=\"async\" class=\"alignright size-full wp-image-7109\" alt=\"Incendios forestales\" src=\"https:\/\/emisora.univalle.edu.co\/\/wp-content\/uploads\/2015\/09\/Incendios-forestales.jpg\" width=\"418\" height=\"281\" srcset=\"https:\/\/emisora.univalle.edu.co\/wp-content\/uploads\/2015\/09\/Incendios-forestales.jpg 418w, https:\/\/emisora.univalle.edu.co\/wp-content\/uploads\/2015\/09\/Incendios-forestales-300x201.jpg 300w\" sizes=\"(max-width: 418px) 100vw, 418px\" \/><\/a><\/p>\n<p>El capit\u00e1n Jairo Soto, comandante ejecutivo de los bomberos del Valle, indic\u00f3 que el desabastecimiento del agua en la regi\u00f3n se ha venido presentando no solo por los incendios forestales sino porque la entidad se est\u00e1 quedando corta para atender tantos casos dado que los equipos y el personal no reciben ayuda constante del gobierno nacional.<\/p>\n<p>El consejo de seguridad se realiz\u00f3 en el Palacio de san Francisco y cont\u00f3 con la participaci\u00f3n de todas las entidades de seguridad y de ambiente de la regi\u00f3n.<\/p>\n<p>Fuente: Comunicaciones Gobernaci\u00f3n<b><\/b><\/p>\n","protected":false},"excerpt":{"rendered":"<p>A ra\u00edz del fen\u00f3meno del ni\u00f1o actualmente se han presentado m\u00e1s de 2.000 incendios forestales en el Valle del Cauca y su capital, por lo que el Consejo de Seguridad presidido por la Secretar\u00eda de Gobierno adopt\u00f3 medidas con las autoridades regionales para hacerle frente a esta situaci\u00f3n. \u00abEstamos en[&#8230;]<\/p>\n","protected":false},"author":1,"featured_media":7093,"comment_status":"open","ping_status":"open","sticky":false,"template":"","format":"standard","meta":{"footnotes":""},"categories":[4],"tags":[],"_links":{"self":[{"href":"https:\/\/emisora.univalle.edu.co\/index.php\/wp-json\/wp\/v2\/posts\/7123"}],"collection":[{"href":"https:\/\/emisora.univalle.edu.co\/index.php\/wp-json\/wp\/v2\/posts"}],"about":[{"href":"https:\/\/emisora.univalle.edu.co\/index.php\/wp-json\/wp\/v2\/types\/post"}],"author":[{"embeddable":true,"href":"https:\/\/emisora.univalle.edu.co\/index.php\/wp-json\/wp\/v2\/users\/1"}],"replies":[{"embeddable":true,"href":"https:\/\/emisora.univalle.edu.co\/index.php\/wp-json\/wp\/v2\/comments?post=7123"}],"version-history":[{"count":1,"href":"https:\/\/emisora.univalle.edu.co\/index.php\/wp-json\/wp\/v2\/posts\/7123\/revisions"}],"predecessor-version":[{"id":7124,"href":"https:\/\/emisora.univalle.edu.co\/index.php\/wp-json\/wp\/v2\/posts\/7123\/revisions\/7124"}],"wp:featuredmedia":[{"embeddable":true,"href":"https:\/\/emisora.univalle.edu.co\/index.php\/wp-json\/wp\/v2\/media\/7093"}],"wp:attachment":[{"href":"https:\/\/emisora.univalle.edu.co\/index.php\/wp-json\/wp\/v2\/media?parent=7123"}],"wp:term":[{"taxonomy":"category","embeddable":true,"href":"https:\/\/emisora.univalle.edu.co\/index.php\/wp-json\/wp\/v2\/categories?post=7123"},{"taxonomy":"post_tag","embeddable":true,"href":"https:\/\/emisora.univalle.edu.co\/index.php\/wp-json\/wp\/v2\/tags?post=7123"}],"curies":[{"name":"wp","href":"https:\/\/api.w.org\/{rel}","templated":true}]}}