{"id":7131,"date":"2015-09-14T14:57:39","date_gmt":"2015-09-14T19:57:39","guid":{"rendered":"https:\/\/emisora.univalle.edu.co\/\/?p=7131"},"modified":"2015-09-14T15:05:27","modified_gmt":"2015-09-14T20:05:27","slug":"mininterior-resalta-disminucion-de-la-criminalidad-en-cali-instalaran-745-camaras-mas","status":"publish","type":"post","link":"https:\/\/emisora.univalle.edu.co\/index.php\/mininterior-resalta-disminucion-de-la-criminalidad-en-cali-instalaran-745-camaras-mas\/","title":{"rendered":"Mininterior resalta disminuci\u00f3n de la criminalidad en Cali; instalar\u00e1n 745 c\u00e1maras m\u00e1s"},"content":{"rendered":"<p><span style=\"line-height: 1.5em;\">\u00a0\u201cLos \u00edndices de reducci\u00f3n de la criminalidad en Cali son muy importantes, la tarea coordinada de todas las instituciones del Estado ha funcionado muy bien y vamos a seguir apoyando a nuestra polic\u00eda y la ciudad con este proyecto de c\u00e1maras de seguridad y con m\u00e1s movilidad, para que cada d\u00eda los cale\u00f1os se sientan m\u00e1s tranquilos y m\u00e1s seguros\u201d.<\/span><\/p>\n<p>Con este pronunciamiento, el Ministro del Interior, Juan Fernando Cristo Bustos mostr\u00f3 su complacencia por el trabajo que se viene realizando en la ciudad, para lograr la disminuci\u00f3n de los \u00edndices de criminalidad, que se esperan est\u00e9 al final del a\u00f1o por debajo de los 60 homicidios por cada 100.000 habitantes.<\/p>\n<p>El ministro recorri\u00f3 junto con el alcalde Rodrigo Guerrero Velasco dos centros autom\u00e1ticos de despacho desde donde se controlan todas las c\u00e1maras de seguridad, localizadas en la ciudad e inspeccionaron el montaje de una de las c\u00e1maras que supervisar\u00e1 la calle 44 con carrera 9C.<\/p>\n<p>Ah\u00ed se anunci\u00f3 que Cali, antes que finalice el a\u00f1o, contar\u00e1 con 754 c\u00e1maras m\u00e1s, que sumadas a las 480 ya existentes, permitir\u00e1n a la capital del Valle del Cauca contar con 1234 c\u00e1maras con una cobertura plena, para brindar seguridad a los habitantes de la ciudad y ser la ciudad con m\u00e1s c\u00e1maras en el pa\u00eds.<\/p>\n<p>El proyecto tiene un valor cercano a los $30.000 millones, de los cuales el Gobierno Nacional aporta $22.000 millones y $8000 millones son los aportes del Municipio.<\/p>\n<p>Para el alcalde de Cali, Rodrigo Guerrero Velasco, este anuncio del Gobierno Nacional es una muestra del nivel de confianza que se tiene en la ciudad.<\/p>\n<p>\u201cEs muy satisfactorio ver el respaldo a la labor que con ah\u00ednco se ha emprendido en esta Administraci\u00f3n y seguiremos trabajando para completar la tarea y lograr \u00edndices hist\u00f3ricos de disminuci\u00f3n de la criminalidad en los \u00faltimos 20 a\u00f1os\u201d, precis\u00f3 el mandatario cale\u00f1o.<\/p>\n<p>\u201cEs notorio el avance de la instalaci\u00f3n de c\u00e1maras de seguridad, donde el Gobierno prioriz\u00f3 seis capitales, entre ellas Cali, que ser\u00e1 la que al final cuente con mayor n\u00famero de c\u00e1maras, para permitirle a nuestra polic\u00eda combatir con mayor eficacia la criminalidad, el hurto callejero, el microtr\u00e1fico y el robo de celulares\u201d, recalc\u00f3 el Ministro.<\/p>\n<p>Cali alcanzar\u00e1 la cobertura total en materia de c\u00e1maras de seguridad antes de finalizar este a\u00f1o, proyecto que forma parte de la estrategia nacional \u2018Vive Seguro, Vive en Paz\u2019.<\/p>\n<p>El ministro precis\u00f3 que en esta tarea se trabaja con Emcali, permitiendo a la capital del Valle seguir mostrando buenos resultados en materia de seguridad.<\/p>\n<p>\u201cYa hay resultados importantes, pero con la tecnolog\u00eda y la movilidad que le vamos a dar a Cali la convertiremos en una de las ciudades m\u00e1s seguras de Colombia\u201d, enfatiz\u00f3 el ministro Cristo Bustos.<\/p>\n<p>El proyecto incluye salas de monitoreo sat\u00e9lites en distintos puntos de la ciudad, donde se complementar\u00e1 la tarea con el programa de los cuadrantes y as\u00ed darle seguridad a Cali.<\/p>\n<p>Fuente&gt;: Comunicaciones Alcald\u00eda<\/p>\n","protected":false},"excerpt":{"rendered":"<p>\u00a0\u201cLos \u00edndices de reducci\u00f3n de la criminalidad en Cali son muy importantes, la tarea coordinada de todas las instituciones del Estado ha funcionado muy bien y vamos a seguir apoyando a nuestra polic\u00eda y la ciudad con este proyecto de c\u00e1maras de seguridad y con m\u00e1s movilidad, para que cada[&#8230;]<\/p>\n","protected":false},"author":1,"featured_media":7110,"comment_status":"open","ping_status":"open","sticky":false,"template":"","format":"standard","meta":{"footnotes":""},"categories":[4],"tags":[],"_links":{"self":[{"href":"https:\/\/emisora.univalle.edu.co\/index.php\/wp-json\/wp\/v2\/posts\/7131"}],"collection":[{"href":"https:\/\/emisora.univalle.edu.co\/index.php\/wp-json\/wp\/v2\/posts"}],"about":[{"href":"https:\/\/emisora.univalle.edu.co\/index.php\/wp-json\/wp\/v2\/types\/post"}],"author":[{"embeddable":true,"href":"https:\/\/emisora.univalle.edu.co\/index.php\/wp-json\/wp\/v2\/users\/1"}],"replies":[{"embeddable":true,"href":"https:\/\/emisora.univalle.edu.co\/index.php\/wp-json\/wp\/v2\/comments?post=7131"}],"version-history":[{"count":1,"href":"https:\/\/emisora.univalle.edu.co\/index.php\/wp-json\/wp\/v2\/posts\/7131\/revisions"}],"predecessor-version":[{"id":7132,"href":"https:\/\/emisora.univalle.edu.co\/index.php\/wp-json\/wp\/v2\/posts\/7131\/revisions\/7132"}],"wp:featuredmedia":[{"embeddable":true,"href":"https:\/\/emisora.univalle.edu.co\/index.php\/wp-json\/wp\/v2\/media\/7110"}],"wp:attachment":[{"href":"https:\/\/emisora.univalle.edu.co\/index.php\/wp-json\/wp\/v2\/media?parent=7131"}],"wp:term":[{"taxonomy":"category","embeddable":true,"href":"https:\/\/emisora.univalle.edu.co\/index.php\/wp-json\/wp\/v2\/categories?post=7131"},{"taxonomy":"post_tag","embeddable":true,"href":"https:\/\/emisora.univalle.edu.co\/index.php\/wp-json\/wp\/v2\/tags?post=7131"}],"curies":[{"name":"wp","href":"https:\/\/api.w.org\/{rel}","templated":true}]}}