{"id":7133,"date":"2015-09-14T14:58:47","date_gmt":"2015-09-14T19:58:47","guid":{"rendered":"https:\/\/emisora.univalle.edu.co\/\/?p=7133"},"modified":"2015-09-14T14:58:47","modified_gmt":"2015-09-14T19:58:47","slug":"este-miercoles-charla-sobre-movilidad-estudiantil","status":"publish","type":"post","link":"https:\/\/emisora.univalle.edu.co\/index.php\/este-miercoles-charla-sobre-movilidad-estudiantil\/","title":{"rendered":"Este mi\u00e9rcoles, charla sobre movilidad estudiantil"},"content":{"rendered":"<p><span style=\"line-height: 1.5em;\">La Direcci\u00f3n de Autoevaluaci\u00f3n y Calidad Acad\u00e9mica de la Universidad del Valle invita a la charla sobre convenios de movilidad nacional, que se realizar\u00e1 este mi\u00e9rcoles 16 de septiembre,\u00a0 2:00 p.m., en el Auditorio Michel Valero, Facultad de Ciencias Naturales y Exactas, Mel\u00e9ndez.<\/span><\/p>\n<p>En la charla se dar\u00e1n a conocer los convenios vigentes a la fecha, suscritos con universidades a nivel regional y nacional, como el Convenio S\u00edgueme para pregrado y posgrado, adem\u00e1s de otros suscritos con instituciones como Universidad Aut\u00f3noma de Occidente,Universidad de Cartagena, Universidad del Atl\u00e1ntico, Universidad del Cauca, entre otras. Tambi\u00e9n se hablar\u00e1 sobre requisitos y fechas de inscripci\u00f3n.<\/p>\n<p>La movilidad estudiantil nacional tiene como prop\u00f3sito brindar posibilidades de enriquecimiento acad\u00e9mico y de apertura a nuevas experiencias regionales y de inter\u00e9s en los campos acad\u00e9micos y de investigaci\u00f3n. Pueden participar estudiantes de tercer semestre en delante de programas de pregrado, estudiantes de especializaciones cl\u00ednica-quir\u00fargicas, maestr\u00edas y doctorados, interesados en realizar un semestre acad\u00e9mico, cursar asignaturas o desarrollar proyectos acad\u00e9micos o de investigaci\u00f3n en otra universidad a nivel nacional.<\/p>\n<p>El a\u00f1o pasado, 35 estudiantes hicieron intercambio en universidades del pa\u00eds gracias a los convenios de movilidad nacional que la Universidad del Valle tiene vigentes.<\/p>\n<p><a href=\"https:\/\/emisora.univalle.edu.co\/\/wp-content\/uploads\/2015\/09\/Movilidad-estudiantil1.jpg\" data-lightbox=\"gal[7133]\"><img loading=\"lazy\" decoding=\"async\" class=\"alignright size-full wp-image-7097\" alt=\"Movilidad estudiantil1\" src=\"https:\/\/emisora.univalle.edu.co\/\/wp-content\/uploads\/2015\/09\/Movilidad-estudiantil1.jpg\" width=\"458\" height=\"647\" srcset=\"https:\/\/emisora.univalle.edu.co\/wp-content\/uploads\/2015\/09\/Movilidad-estudiantil1.jpg 458w, https:\/\/emisora.univalle.edu.co\/wp-content\/uploads\/2015\/09\/Movilidad-estudiantil1-212x300.jpg 212w, https:\/\/emisora.univalle.edu.co\/wp-content\/uploads\/2015\/09\/Movilidad-estudiantil1-438x618.jpg 438w\" sizes=\"(max-width: 458px) 100vw, 458px\" \/><\/a><\/p>\n<p>Fuente: Agencia de Noticias Univalle<\/p>\n","protected":false},"excerpt":{"rendered":"<p>La Direcci\u00f3n de Autoevaluaci\u00f3n y Calidad Acad\u00e9mica de la Universidad del Valle invita a la charla sobre convenios de movilidad nacional, que se realizar\u00e1 este mi\u00e9rcoles 16 de septiembre,\u00a0 2:00 p.m., en el Auditorio Michel Valero, Facultad de Ciencias Naturales y Exactas, Mel\u00e9ndez. En la charla se dar\u00e1n a conocer[&#8230;]<\/p>\n","protected":false},"author":1,"featured_media":7096,"comment_status":"open","ping_status":"open","sticky":false,"template":"","format":"standard","meta":{"footnotes":""},"categories":[4],"tags":[],"_links":{"self":[{"href":"https:\/\/emisora.univalle.edu.co\/index.php\/wp-json\/wp\/v2\/posts\/7133"}],"collection":[{"href":"https:\/\/emisora.univalle.edu.co\/index.php\/wp-json\/wp\/v2\/posts"}],"about":[{"href":"https:\/\/emisora.univalle.edu.co\/index.php\/wp-json\/wp\/v2\/types\/post"}],"author":[{"embeddable":true,"href":"https:\/\/emisora.univalle.edu.co\/index.php\/wp-json\/wp\/v2\/users\/1"}],"replies":[{"embeddable":true,"href":"https:\/\/emisora.univalle.edu.co\/index.php\/wp-json\/wp\/v2\/comments?post=7133"}],"version-history":[{"count":1,"href":"https:\/\/emisora.univalle.edu.co\/index.php\/wp-json\/wp\/v2\/posts\/7133\/revisions"}],"predecessor-version":[{"id":7134,"href":"https:\/\/emisora.univalle.edu.co\/index.php\/wp-json\/wp\/v2\/posts\/7133\/revisions\/7134"}],"wp:featuredmedia":[{"embeddable":true,"href":"https:\/\/emisora.univalle.edu.co\/index.php\/wp-json\/wp\/v2\/media\/7096"}],"wp:attachment":[{"href":"https:\/\/emisora.univalle.edu.co\/index.php\/wp-json\/wp\/v2\/media?parent=7133"}],"wp:term":[{"taxonomy":"category","embeddable":true,"href":"https:\/\/emisora.univalle.edu.co\/index.php\/wp-json\/wp\/v2\/categories?post=7133"},{"taxonomy":"post_tag","embeddable":true,"href":"https:\/\/emisora.univalle.edu.co\/index.php\/wp-json\/wp\/v2\/tags?post=7133"}],"curies":[{"name":"wp","href":"https:\/\/api.w.org\/{rel}","templated":true}]}}