{"id":7140,"date":"2015-09-14T15:04:26","date_gmt":"2015-09-14T20:04:26","guid":{"rendered":"https:\/\/emisora.univalle.edu.co\/\/?p=7140"},"modified":"2015-09-14T15:04:26","modified_gmt":"2015-09-14T20:04:26","slug":"mundial-de-patinaje-artistico-ya-esta-rodando-llega-avanzada-internacional","status":"publish","type":"post","link":"https:\/\/emisora.univalle.edu.co\/index.php\/mundial-de-patinaje-artistico-ya-esta-rodando-llega-avanzada-internacional\/","title":{"rendered":"Mundial de Patinaje Art\u00edstico ya est\u00e1 rodando; llega avanzada internacional"},"content":{"rendered":"<p><span style=\"line-height: 1.5em;\">La avanzada de la Federaci\u00f3n Internacional de Roller Sports, FIRS, ya hizo su arribo a la sede del LX Campeonato Mundial de Patinaje Art\u00edstico Cali 2015, para reconocer los detalles de la organizaci\u00f3n de la cita mundialista realizada por la Federaci\u00f3n Colombiana de Patinaje, as\u00ed como tener la idea general del\u00a0 equipo de trabajo y los responsables de cada \u00e1rea.<\/span><\/p>\n<p>Los encargados de llegar en nombre del ente mundial son el director de protocolo, el espa\u00f1ol Carmelo Paniagua, y la directora de Comunicaciones, la italiana Simona Mercuri, quienes compartieron una jornada de trabajo con todo el equipo responsable del montaje del evento y quienes est\u00e1n al frente de las distintas \u00e1reas del organigrama oficial.<\/p>\n<p>En la reuni\u00f3n se detallaron aspectos log\u00edsticos, de ingreso, transporte, alimentaci\u00f3n, juzgamiento, conectividad, alojamientos, mantenimientos, seguridad, primeros auxilios, comercial, jur\u00eddicos, de comunicaciones, entre otros, buscando socializar detalles del amplio dispositivo montado para hacer de Cali 2015, un evento exitoso y que deje huela positiva entre los visitantes y los amantes del patinaje art\u00edstico en el pa\u00eds.<\/p>\n<p>El director general del campeonato del Mundo Jos\u00e9 Acevedo, dijo que para la organizaci\u00f3n, hoy comenz\u00f3 el mundial. \u201cCon esta reuni\u00f3n termin\u00f3 para nosotros la cuenta regresiva y comenz\u00f3 nuestro evento, ya tenemos que llevar a la pr\u00e1ctica lo que hemos planificado desde hace casi un a\u00f1o y que incrementamos en los \u00faltimos seis meses ya en suelo cale\u00f1o\u201d, dijo.<\/p>\n<p>Por su parte, el encargado del protocolo en FIRS se mostr\u00f3 tranquilo por punto en el que est\u00e1 el montaje.<\/p>\n<p>\u201cEsta es la cuarta vez que estoy en Cali y creo que es una ciudad ideal para este tipo de eventos; sabemos del trabajo, la dedicaci\u00f3n y la forma de llevar sus compromisos de la Federaci\u00f3n Colombiana, as\u00ed que estamos convencidos que este ser\u00e1 un gran mundial, pero eso depender\u00e1 mucho del compromiso del equipo de trabajo adicional y eso es justo lo que les hemos dicho esta ma\u00f1ana, porque no es s\u00f3lo la Federaci\u00f3n la que va a quedar bien o mal, es todo el pa\u00eds, por lo que hay que entregarse al cien por cien para que todo se haga como se ha planificado\u201d, coment\u00f3 Paniagua.<\/p>\n<p>Un escenario de talla mundial<\/p>\n<p>Este fin de semana tambi\u00e9n se llev\u00f3 a cabo una inspecci\u00f3n al Vel\u00f3dromo Alcides Nieto Pati\u00f1o, escenario oficial del LX Campeonato Mundial FIRS de Patinaje Art\u00edstico Cali 2015, donde la organizaci\u00f3n pormenoriz\u00f3 el estado en que se encuentra el pabell\u00f3n y los sitios donde se va a ubicar a cada uno de los actores que intervendr\u00e1n en esta reuni\u00f3n deportiva.<\/p>\n<p>En el recorrido se visitaron los salones, las salas, los camerinos, las bater\u00edas de ba\u00f1os, los pasillos, los palcos, las zonas VIP, el \u00e1rea comercial, los accesos y las pista de competencia, entregado un parte de tranquilidad ante las autoridades federativas internacionales, quienes pudieron palpar el grado de cumplimiento por parte de Cali como organizadora de eventos internacionales de primer nivel, y la Fedepatinaje como anfitriona de este campeonato mundial.<\/p>\n<p>Este mi\u00e9rcoles inician los entrenamientos oficiales y las competencias comenzar\u00e1n el pr\u00f3ximo viernes, en medio de un escenario que cumple con las especificaciones t\u00e9cnicas para un mundial de esta categor\u00eda.<\/p>\n<p>Seg\u00fan Jos\u00e9 Acevedo, director general del Mundial Cali 2015, el esfuerzo ha sido may\u00fasculo. \u201cEstamos trabajando con mucho entusiasmo y compromiso por parte nuestros contratistas y proveedores, quienes debo decir son 95 % cale\u00f1os, como ha sido costumbre en nuestros grandes eventos, aportando tambi\u00e9n en la generaci\u00f3n de empleo e ingresos a las comunidades de las ciudades sedes\u201d.<\/p>\n<p>Por su parte, la Secretaria de Deporte y Recreaci\u00f3n de Santiago de Cali, Claudia Fernanda Rojas, a\u00f1adi\u00f3 que la ciudad dejar\u00e1 de nuevo un punto muy alto en la organizaci\u00f3n de eventos mundiales con el de patinaje art\u00edstico, en el que se espera que la asistencia de los cale\u00f1os sea masiva como de costumbre.<\/p>\n<p>Fuente: Comunicaciones, Federaci\u00f3n Colombiana de Patinaje Art\u00edstico<\/p>\n","protected":false},"excerpt":{"rendered":"<p>La avanzada de la Federaci\u00f3n Internacional de Roller Sports, FIRS, ya hizo su arribo a la sede del LX Campeonato Mundial de Patinaje Art\u00edstico Cali 2015, para reconocer los detalles de la organizaci\u00f3n de la cita mundialista realizada por la Federaci\u00f3n Colombiana de Patinaje, as\u00ed como tener la idea general[&#8230;]<\/p>\n","protected":false},"author":1,"featured_media":7111,"comment_status":"open","ping_status":"open","sticky":false,"template":"","format":"standard","meta":{"footnotes":""},"categories":[4],"tags":[],"_links":{"self":[{"href":"https:\/\/emisora.univalle.edu.co\/index.php\/wp-json\/wp\/v2\/posts\/7140"}],"collection":[{"href":"https:\/\/emisora.univalle.edu.co\/index.php\/wp-json\/wp\/v2\/posts"}],"about":[{"href":"https:\/\/emisora.univalle.edu.co\/index.php\/wp-json\/wp\/v2\/types\/post"}],"author":[{"embeddable":true,"href":"https:\/\/emisora.univalle.edu.co\/index.php\/wp-json\/wp\/v2\/users\/1"}],"replies":[{"embeddable":true,"href":"https:\/\/emisora.univalle.edu.co\/index.php\/wp-json\/wp\/v2\/comments?post=7140"}],"version-history":[{"count":1,"href":"https:\/\/emisora.univalle.edu.co\/index.php\/wp-json\/wp\/v2\/posts\/7140\/revisions"}],"predecessor-version":[{"id":7141,"href":"https:\/\/emisora.univalle.edu.co\/index.php\/wp-json\/wp\/v2\/posts\/7140\/revisions\/7141"}],"wp:featuredmedia":[{"embeddable":true,"href":"https:\/\/emisora.univalle.edu.co\/index.php\/wp-json\/wp\/v2\/media\/7111"}],"wp:attachment":[{"href":"https:\/\/emisora.univalle.edu.co\/index.php\/wp-json\/wp\/v2\/media?parent=7140"}],"wp:term":[{"taxonomy":"category","embeddable":true,"href":"https:\/\/emisora.univalle.edu.co\/index.php\/wp-json\/wp\/v2\/categories?post=7140"},{"taxonomy":"post_tag","embeddable":true,"href":"https:\/\/emisora.univalle.edu.co\/index.php\/wp-json\/wp\/v2\/tags?post=7140"}],"curies":[{"name":"wp","href":"https:\/\/api.w.org\/{rel}","templated":true}]}}