{"id":7142,"date":"2015-09-14T15:06:01","date_gmt":"2015-09-14T20:06:01","guid":{"rendered":"https:\/\/emisora.univalle.edu.co\/\/?p=7142"},"modified":"2015-09-14T15:06:01","modified_gmt":"2015-09-14T20:06:01","slug":"banquete-de-salsa-y-coreografia-este-martes-en-el-municipal","status":"publish","type":"post","link":"https:\/\/emisora.univalle.edu.co\/index.php\/banquete-de-salsa-y-coreografia-este-martes-en-el-municipal\/","title":{"rendered":"Banquete de salsa y coreograf\u00eda, este martes en el Municipal"},"content":{"rendered":"<p><span style=\"line-height: 1.5em;\">La presentaci\u00f3n del X Festival Mundial de Salsa de Cali, este martes 15 de septiembre, incluye la ronda clasificatoria de la modalidad Ensamble, trabajo unificado entre una orquesta y un grupo de bailarines, de salsa.<\/span><\/p>\n<p>10 binomios se disputan los seis puestos que otorga el Festival, y esperan convertirse en el nuevo campe\u00f3n mundial de esta modalidad que ostenta en la actualidad el ensamble conformado por el grupo Stilo y Sabor y la orquesta Salsa Master.<\/p>\n<p>Esta modalidad naci\u00f3 en el a\u00f1o 2010 con el objetivo de lograr la uni\u00f3n de m\u00fasicos y bailarines, que aunque se hab\u00edan dedicado a la salsa, lo hab\u00edan hecho desde perspectivas distintas.<\/p>\n<p>Adem\u00e1s, desde el a\u00f1o 2013 se est\u00e1 componiendo m\u00fasica para bailarines, porque una de las exigencias que tiene la inscripci\u00f3n a la modalidad es que la canci\u00f3n que se interpreta sea in\u00e9dita, hecho que ha estimulado la creaci\u00f3n art\u00edstica.<\/p>\n<p>Este campeonato lo han conseguido las orquestas: Salsa Master, en dos oportunidades; Cali Latino, en dos oportunidades, y la orquesta Casa Blanca, y las academias de baile Stilo y Sabor, en tres oportunidades Constelaci\u00f3n Latina y Swing Latino.<\/p>\n<p>La invitaci\u00f3n a escuchar buena m\u00fasica y apreciar la interpretaci\u00f3n coreogr\u00e1fica que hacen las agrupaciones de baile es para este martes 15 de septiembre de 2015, a partir de las 6:30 p.m. en las instalaciones del teatro Municipal Enrique Buenaventura.<\/p>\n<p>Fuente: Comunicaciones Alcald\u00eda<\/p>\n","protected":false},"excerpt":{"rendered":"<p>La presentaci\u00f3n del X Festival Mundial de Salsa de Cali, este martes 15 de septiembre, incluye la ronda clasificatoria de la modalidad Ensamble, trabajo unificado entre una orquesta y un grupo de bailarines, de salsa. 10 binomios se disputan los seis puestos que otorga el Festival, y esperan convertirse en[&#8230;]<\/p>\n","protected":false},"author":1,"featured_media":7108,"comment_status":"open","ping_status":"open","sticky":false,"template":"","format":"standard","meta":{"footnotes":""},"categories":[4],"tags":[],"_links":{"self":[{"href":"https:\/\/emisora.univalle.edu.co\/index.php\/wp-json\/wp\/v2\/posts\/7142"}],"collection":[{"href":"https:\/\/emisora.univalle.edu.co\/index.php\/wp-json\/wp\/v2\/posts"}],"about":[{"href":"https:\/\/emisora.univalle.edu.co\/index.php\/wp-json\/wp\/v2\/types\/post"}],"author":[{"embeddable":true,"href":"https:\/\/emisora.univalle.edu.co\/index.php\/wp-json\/wp\/v2\/users\/1"}],"replies":[{"embeddable":true,"href":"https:\/\/emisora.univalle.edu.co\/index.php\/wp-json\/wp\/v2\/comments?post=7142"}],"version-history":[{"count":1,"href":"https:\/\/emisora.univalle.edu.co\/index.php\/wp-json\/wp\/v2\/posts\/7142\/revisions"}],"predecessor-version":[{"id":7143,"href":"https:\/\/emisora.univalle.edu.co\/index.php\/wp-json\/wp\/v2\/posts\/7142\/revisions\/7143"}],"wp:featuredmedia":[{"embeddable":true,"href":"https:\/\/emisora.univalle.edu.co\/index.php\/wp-json\/wp\/v2\/media\/7108"}],"wp:attachment":[{"href":"https:\/\/emisora.univalle.edu.co\/index.php\/wp-json\/wp\/v2\/media?parent=7142"}],"wp:term":[{"taxonomy":"category","embeddable":true,"href":"https:\/\/emisora.univalle.edu.co\/index.php\/wp-json\/wp\/v2\/categories?post=7142"},{"taxonomy":"post_tag","embeddable":true,"href":"https:\/\/emisora.univalle.edu.co\/index.php\/wp-json\/wp\/v2\/tags?post=7142"}],"curies":[{"name":"wp","href":"https:\/\/api.w.org\/{rel}","templated":true}]}}