{"id":7147,"date":"2015-09-14T15:13:22","date_gmt":"2015-09-14T20:13:22","guid":{"rendered":"https:\/\/emisora.univalle.edu.co\/\/?p=7147"},"modified":"2015-09-14T15:21:39","modified_gmt":"2015-09-14T20:21:39","slug":"que-proponen-los-candidatos-la-gobernacion-sobre-la-salud","status":"publish","type":"post","link":"https:\/\/emisora.univalle.edu.co\/index.php\/que-proponen-los-candidatos-la-gobernacion-sobre-la-salud\/","title":{"rendered":"\u00bfQu\u00e9 proponen los candidatos a la Gobernaci\u00f3n sobre la salud?"},"content":{"rendered":"<p><span style=\"line-height: 1.5em;\">Los candidatos a la Gobernaci\u00f3n del Valle del Cauca estar\u00e1n este jueves 17 de septiembre de 2015, a partir de las 9:00 am, en el Auditorio Ives Chatain de la Universidad del Valle, campus San Fernando.<\/span><\/p>\n<p>Esta actividad hace parte del espacio \u201cLa Comunidad Pregunta\u201d, que convoca la Escuela de Salud P\u00fablica de la Facultad de Salud.<\/p>\n<p>En este escenario se busca que la comunidad en general conozca de viva voz y pueda indagar en forma directa a quienes aspiran al primer cargo del departamento, sobre sus propuestas sobre la salud en el Valle del Cauca.<a href=\"https:\/\/emisora.univalle.edu.co\/\/wp-content\/uploads\/2015\/09\/Candidatos-a-la-gobernaci\u00f3n.jpg\" data-lightbox=\"gal[7147]\"><img loading=\"lazy\" decoding=\"async\" class=\"alignright size-full wp-image-7104\" alt=\"Candidatos a la gobernaci\u00f3n\" src=\"https:\/\/emisora.univalle.edu.co\/\/wp-content\/uploads\/2015\/09\/Candidatos-a-la-gobernaci\u00f3n.jpg\" width=\"305\" height=\"301\" srcset=\"https:\/\/emisora.univalle.edu.co\/wp-content\/uploads\/2015\/09\/Candidatos-a-la-gobernaci\u00f3n.jpg 305w, https:\/\/emisora.univalle.edu.co\/wp-content\/uploads\/2015\/09\/Candidatos-a-la-gobernaci\u00f3n-300x296.jpg 300w\" sizes=\"(max-width: 305px) 100vw, 305px\" \/><\/a><\/p>\n<p>Los candidatos ser\u00e1n indagados frente a sus posturas e iniciativas en relaci\u00f3n con temas relativos a la atenci\u00f3n en salud, la Salud P\u00fablica y en especial la situaci\u00f3n de crisis en los hospitales p\u00fablicos.<\/p>\n<p>La salud es uno de los temas que mayor desaf\u00edo le plantean a los futuros gobernantes del departamento. La crisis de la salud en el Valle del Cauca es de tal nivel que el m\u00e1s importante hospital del suroccidente del pa\u00eds, el Universitario del Valle \u201cEvaristo Garc\u00eda\u201d est\u00e1 al borde del colapso y hay un grave impacto sobre la red de salud p\u00fablica del Departamento, que fue declarada la alerta amarilla en julio de 2015. A lo anterior se suma la liquidaci\u00f3n de la antigua Cl\u00ednica Rafael Uribe Uribe y la disoluci\u00f3n de la alianza entre la Corporaci\u00f3n Comfenalco y la Universidad Libre.<\/p>\n<p>\u201cLa Comunidad Pregunta\u201d busca el acercamiento de la comunidad a las instituciones p\u00fablicas, con el fin de que se conozcan sus \u00e1reas de actuaci\u00f3n, funciones y servicios para incentivar la participaci\u00f3n ciudadana en temas de inter\u00e9s p\u00fablico y un mejor uso de dichas instituciones.<\/p>\n<p>Adem\u00e1s, busca promover la responsabilidad que tienen las entidades p\u00fablicas de mantener informada la comunidad y brindar herramientas y conocimiento a la sociedad, para que participe activamente, tome decisiones informadas y defienda sus derechos.<\/p>\n<p>La entrada a esta sesi\u00f3n es libre, previa inscripci\u00f3n aqu\u00ed.<\/p>\n<p>Quienes no puedan desplazarse a la Universidad del Valle podr\u00e1n participar en la sesi\u00f3n a trav\u00e9s de la transmisi\u00f3n en l\u00ednea ingresando al siguiente enlace:<\/p>\n<p>https:\/\/ruav.webex.com\/ruav\/j.php?MTID=m2ffb7448e5d3eb6db3c3c9298f464564<\/p>\n<p>Informes<\/p>\n<p>extension.saludpublica@correounivalle.edu.co<\/p>\n<p>Tel\u00e9fonos: 5542476 \u2013 5542480<\/p>\n<p>Fuente: Comunicaciones Escuela de Salud P\u00fablica<\/p>\n","protected":false},"excerpt":{"rendered":"<p>Los candidatos a la Gobernaci\u00f3n del Valle del Cauca estar\u00e1n este jueves 17 de septiembre de 2015, a partir de las 9:00 am, en el Auditorio Ives Chatain de la Universidad del Valle, campus San Fernando. Esta actividad hace parte del espacio \u201cLa Comunidad Pregunta\u201d, que convoca la Escuela de[&#8230;]<\/p>\n","protected":false},"author":1,"featured_media":7105,"comment_status":"open","ping_status":"open","sticky":false,"template":"","format":"standard","meta":{"footnotes":""},"categories":[4],"tags":[],"_links":{"self":[{"href":"https:\/\/emisora.univalle.edu.co\/index.php\/wp-json\/wp\/v2\/posts\/7147"}],"collection":[{"href":"https:\/\/emisora.univalle.edu.co\/index.php\/wp-json\/wp\/v2\/posts"}],"about":[{"href":"https:\/\/emisora.univalle.edu.co\/index.php\/wp-json\/wp\/v2\/types\/post"}],"author":[{"embeddable":true,"href":"https:\/\/emisora.univalle.edu.co\/index.php\/wp-json\/wp\/v2\/users\/1"}],"replies":[{"embeddable":true,"href":"https:\/\/emisora.univalle.edu.co\/index.php\/wp-json\/wp\/v2\/comments?post=7147"}],"version-history":[{"count":2,"href":"https:\/\/emisora.univalle.edu.co\/index.php\/wp-json\/wp\/v2\/posts\/7147\/revisions"}],"predecessor-version":[{"id":7155,"href":"https:\/\/emisora.univalle.edu.co\/index.php\/wp-json\/wp\/v2\/posts\/7147\/revisions\/7155"}],"wp:featuredmedia":[{"embeddable":true,"href":"https:\/\/emisora.univalle.edu.co\/index.php\/wp-json\/wp\/v2\/media\/7105"}],"wp:attachment":[{"href":"https:\/\/emisora.univalle.edu.co\/index.php\/wp-json\/wp\/v2\/media?parent=7147"}],"wp:term":[{"taxonomy":"category","embeddable":true,"href":"https:\/\/emisora.univalle.edu.co\/index.php\/wp-json\/wp\/v2\/categories?post=7147"},{"taxonomy":"post_tag","embeddable":true,"href":"https:\/\/emisora.univalle.edu.co\/index.php\/wp-json\/wp\/v2\/tags?post=7147"}],"curies":[{"name":"wp","href":"https:\/\/api.w.org\/{rel}","templated":true}]}}