{"id":7174,"date":"2015-09-15T14:35:11","date_gmt":"2015-09-15T19:35:11","guid":{"rendered":"https:\/\/emisora.univalle.edu.co\/\/?p=7174"},"modified":"2015-09-15T14:35:11","modified_gmt":"2015-09-15T19:35:11","slug":"neurociencia-social-y-filosofia","status":"publish","type":"post","link":"https:\/\/emisora.univalle.edu.co\/index.php\/neurociencia-social-y-filosofia\/","title":{"rendered":"Neurociencia social y filosof\u00eda"},"content":{"rendered":"<p><span style=\"line-height: 1.5em;\">El Instituto de Psicolog\u00eda organiza la Conferencia\u00a0 \u00abNeurociencia social y filosof\u00eda: El fin de las viejas dicotom\u00edas y el inicio de nuevos desaf\u00edos\u00bb, ma\u00f1ana mi\u00e9rcoles 16 de septiembre de 2015, a las 10:00 a.m., en el Auditorio Carlos J. Posada, Edificio 387, Campus Mel\u00e9ndez.<\/span><\/p>\n<p>La conferencia est\u00e1\u00a0 a cargo del Agust\u00edn Ib\u00e1\u00f1ez, reconocido electrofisi\u00f3logo del Instituto Max Plank de Investigaci\u00f3n Cerebral, de la Sociedad Max Plank, la instituci\u00f3n cient\u00edfica m\u00e1s importante de Alemania, cuyo nombre es en honor al famoso f\u00edsico alem\u00e1n Max Planck, quien fund\u00f3 la mec\u00e1nica cu\u00e1ntica. La asociaci\u00f3n engloba a m\u00e1s de 80 centros de investigaci\u00f3n repartidos por toda Alemania y es financiada por el Gobierno Federal de Alemania y la Uni\u00f3n Europea.<\/p>\n<p>Con diecisiete Premios Nobel ganados por sus cient\u00edficos, se le conoce como la m\u00e1s destacada organizaci\u00f3n de investigaci\u00f3n en ciencias b\u00e1sicas del mundo.<\/p>\n<p>Agust\u00edn Ib\u00e1\u00f1ez doctor (Ph.D.) en neurociencia cognitiva de la Universidad\u00a0 Cat\u00f3lica\u00a0 de Chile, con estudios postdoctorales de Neurociencia en el Centro de Neurociencias de\u00a0 Cuba, en la Universit\u00e4t Heiderlberg, Alemania, y en el Consejo Nacional de Investigaciones Cient\u00edficas y T\u00e9cnicas-CONICET, de Argentina.<\/p>\n<p>Actualmente\u00a0 es\u00a0 investigador\u00a0 del\u00a0 Instituto\u00a0 de\u00a0 Neurolog\u00eda\u00a0 Cognitiva-INECO; Director\u00a0 del laboratorio de Psicolog\u00eda Experimental y Neurociencias y miembro de la Carrera de Investigador del CONICET; investigador afiliado del Center\u00a0 for\u00a0 Social\u00a0 and\u00a0 Cognitive\u00a0 Neuroscience,\u00a0 de la Universidad de Chicago, EE.UU.<\/p>\n<p>Ha publicado m\u00e1s de 70 trabajos cient\u00edficos desde el 2006 y m\u00e1s de 60 art\u00edculos cient\u00edficos especializados en los \u00faltimos 5 a\u00f1os en el \u00e1rea de las neurociencias cognitivas y la neurociencia social, particularmente en la neuropsiquiatr\u00eda; incluyendo revistas de alto impacto tales como Neurology, Journal of Neuroscience o Nature Reviews, entre otras.<\/p>\n<p>Informes:<\/p>\n<p><a href=\"mailto:posgrado.psicologia@correounivalle.edu.co\">posgrado.psicologia@correounivalle.edu.co<\/a><\/p>\n<p>Fuente: Agencia de Noticias Univalle<\/p>\n","protected":false},"excerpt":{"rendered":"<p>El Instituto de Psicolog\u00eda organiza la Conferencia\u00a0 \u00abNeurociencia social y filosof\u00eda: El fin de las viejas dicotom\u00edas y el inicio de nuevos desaf\u00edos\u00bb, ma\u00f1ana mi\u00e9rcoles 16 de septiembre de 2015, a las 10:00 a.m., en el Auditorio Carlos J. Posada, Edificio 387, Campus Mel\u00e9ndez. La conferencia est\u00e1\u00a0 a cargo del[&#8230;]<\/p>\n","protected":false},"author":1,"featured_media":7170,"comment_status":"open","ping_status":"open","sticky":false,"template":"","format":"standard","meta":{"footnotes":""},"categories":[4],"tags":[],"_links":{"self":[{"href":"https:\/\/emisora.univalle.edu.co\/index.php\/wp-json\/wp\/v2\/posts\/7174"}],"collection":[{"href":"https:\/\/emisora.univalle.edu.co\/index.php\/wp-json\/wp\/v2\/posts"}],"about":[{"href":"https:\/\/emisora.univalle.edu.co\/index.php\/wp-json\/wp\/v2\/types\/post"}],"author":[{"embeddable":true,"href":"https:\/\/emisora.univalle.edu.co\/index.php\/wp-json\/wp\/v2\/users\/1"}],"replies":[{"embeddable":true,"href":"https:\/\/emisora.univalle.edu.co\/index.php\/wp-json\/wp\/v2\/comments?post=7174"}],"version-history":[{"count":1,"href":"https:\/\/emisora.univalle.edu.co\/index.php\/wp-json\/wp\/v2\/posts\/7174\/revisions"}],"predecessor-version":[{"id":7175,"href":"https:\/\/emisora.univalle.edu.co\/index.php\/wp-json\/wp\/v2\/posts\/7174\/revisions\/7175"}],"wp:featuredmedia":[{"embeddable":true,"href":"https:\/\/emisora.univalle.edu.co\/index.php\/wp-json\/wp\/v2\/media\/7170"}],"wp:attachment":[{"href":"https:\/\/emisora.univalle.edu.co\/index.php\/wp-json\/wp\/v2\/media?parent=7174"}],"wp:term":[{"taxonomy":"category","embeddable":true,"href":"https:\/\/emisora.univalle.edu.co\/index.php\/wp-json\/wp\/v2\/categories?post=7174"},{"taxonomy":"post_tag","embeddable":true,"href":"https:\/\/emisora.univalle.edu.co\/index.php\/wp-json\/wp\/v2\/tags?post=7174"}],"curies":[{"name":"wp","href":"https:\/\/api.w.org\/{rel}","templated":true}]}}