{"id":7182,"date":"2015-09-15T14:38:57","date_gmt":"2015-09-15T19:38:57","guid":{"rendered":"https:\/\/emisora.univalle.edu.co\/\/?p=7182"},"modified":"2015-09-15T14:38:57","modified_gmt":"2015-09-15T19:38:57","slug":"iii-coloquio-de-investigacion-en-discapacidad","status":"publish","type":"post","link":"https:\/\/emisora.univalle.edu.co\/index.php\/iii-coloquio-de-investigacion-en-discapacidad\/","title":{"rendered":"III Coloquio de Investigaci\u00f3n en Discapacidad"},"content":{"rendered":"<p><span style=\"line-height: 1.5em;\">La Universidad del Valle y la Universidad Santiago de Cali realizar\u00e1n del 23 al 25 de septiembre de 2015, el III Coloquio Colombiano de Investigaci\u00f3n en Discapacidad.<\/span><\/p>\n<p>En junio, se realizaron encuentros regionales en 10 ciudades del pa\u00eds: Bogot\u00e1, Medell\u00edn, Manizales, Boyac\u00e1, Cauca, Santander, Cartagena, Barranquilla, Palmira y Cali. Luego de estos encuentros se organizar\u00e1 el Encuentro Nacional con el fin de constituir un manifiesto de car\u00e1cter nacional en el que se expresen los principios y apuestas para fortalecer la capacidad investigativa en discapacidad desde la acci\u00f3n articulada entre la academia, el estado y la sociedad civil organizada.<\/p>\n<p>Como parte del Encuentro Nacional del III Coloquio, se celebrar\u00e1n los 10 a\u00f1os de la Red Colombiana de Instituciones de Educaci\u00f3n Superior para la Discapacidad, \u201cRed CIESD\u201d, hecho que brindar\u00e1 la oportunidad de articular acciones de orden acad\u00e9mico e investigativo.<\/p>\n<p>La inscripci\u00f3n como asistente al Encuentro es gratuita y con cupo limitado, a trav\u00e9s del siguiente enlace: http:\/\/goo.gl\/forms\/4WesnL8Gm8<\/p>\n<p>Informes: www.tercercoloquiodiscapacidad.com<\/p>\n<p><a href=\"mailto:coloquio.investig.discapacidad@gmail.com\">coloquio.investig.discapacidad@gmail.com<\/a><\/p>\n<p>Fuente: Agencia de Noticias Univalle<\/p>\n<p><a href=\"https:\/\/emisora.univalle.edu.co\/\/wp-content\/uploads\/2015\/09\/Coloquio-de-investigaci\u00f3n1.jpg\" data-lightbox=\"gal[7182]\"><img loading=\"lazy\" decoding=\"async\" class=\"alignright size-full wp-image-7169\" alt=\"Coloquio de investigaci\u00f3n1\" src=\"https:\/\/emisora.univalle.edu.co\/\/wp-content\/uploads\/2015\/09\/Coloquio-de-investigaci\u00f3n1.jpg\" width=\"800\" height=\"517\" srcset=\"https:\/\/emisora.univalle.edu.co\/wp-content\/uploads\/2015\/09\/Coloquio-de-investigaci\u00f3n1.jpg 800w, https:\/\/emisora.univalle.edu.co\/wp-content\/uploads\/2015\/09\/Coloquio-de-investigaci\u00f3n1-300x193.jpg 300w, https:\/\/emisora.univalle.edu.co\/wp-content\/uploads\/2015\/09\/Coloquio-de-investigaci\u00f3n1-438x283.jpg 438w\" sizes=\"(max-width: 800px) 100vw, 800px\" \/><\/a><\/p>\n","protected":false},"excerpt":{"rendered":"<p>La Universidad del Valle y la Universidad Santiago de Cali realizar\u00e1n del 23 al 25 de septiembre de 2015, el III Coloquio Colombiano de Investigaci\u00f3n en Discapacidad. En junio, se realizaron encuentros regionales en 10 ciudades del pa\u00eds: Bogot\u00e1, Medell\u00edn, Manizales, Boyac\u00e1, Cauca, Santander, Cartagena, Barranquilla, Palmira y Cali. Luego[&#8230;]<\/p>\n","protected":false},"author":1,"featured_media":7168,"comment_status":"open","ping_status":"open","sticky":false,"template":"","format":"standard","meta":{"footnotes":""},"categories":[4],"tags":[],"_links":{"self":[{"href":"https:\/\/emisora.univalle.edu.co\/index.php\/wp-json\/wp\/v2\/posts\/7182"}],"collection":[{"href":"https:\/\/emisora.univalle.edu.co\/index.php\/wp-json\/wp\/v2\/posts"}],"about":[{"href":"https:\/\/emisora.univalle.edu.co\/index.php\/wp-json\/wp\/v2\/types\/post"}],"author":[{"embeddable":true,"href":"https:\/\/emisora.univalle.edu.co\/index.php\/wp-json\/wp\/v2\/users\/1"}],"replies":[{"embeddable":true,"href":"https:\/\/emisora.univalle.edu.co\/index.php\/wp-json\/wp\/v2\/comments?post=7182"}],"version-history":[{"count":1,"href":"https:\/\/emisora.univalle.edu.co\/index.php\/wp-json\/wp\/v2\/posts\/7182\/revisions"}],"predecessor-version":[{"id":7183,"href":"https:\/\/emisora.univalle.edu.co\/index.php\/wp-json\/wp\/v2\/posts\/7182\/revisions\/7183"}],"wp:featuredmedia":[{"embeddable":true,"href":"https:\/\/emisora.univalle.edu.co\/index.php\/wp-json\/wp\/v2\/media\/7168"}],"wp:attachment":[{"href":"https:\/\/emisora.univalle.edu.co\/index.php\/wp-json\/wp\/v2\/media?parent=7182"}],"wp:term":[{"taxonomy":"category","embeddable":true,"href":"https:\/\/emisora.univalle.edu.co\/index.php\/wp-json\/wp\/v2\/categories?post=7182"},{"taxonomy":"post_tag","embeddable":true,"href":"https:\/\/emisora.univalle.edu.co\/index.php\/wp-json\/wp\/v2\/tags?post=7182"}],"curies":[{"name":"wp","href":"https:\/\/api.w.org\/{rel}","templated":true}]}}