{"id":7213,"date":"2015-09-16T10:21:12","date_gmt":"2015-09-16T15:21:12","guid":{"rendered":"https:\/\/emisora.univalle.edu.co\/\/?p=7213"},"modified":"2015-09-16T10:21:12","modified_gmt":"2015-09-16T15:21:12","slug":"la-historia-de-san-pedro-claver-en-teatro","status":"publish","type":"post","link":"https:\/\/emisora.univalle.edu.co\/index.php\/la-historia-de-san-pedro-claver-en-teatro\/","title":{"rendered":"La historia de San Pedro Claver en teatro"},"content":{"rendered":"<p><span style=\"line-height: 1.5em;\">La historia de San Pedro Claver se estrena en teatroLa obra \u201cClaver\u201d, drama escrito por el colombiano Oswaldo D\u00edaz D\u00edaz, se estrenar\u00e1 este viernes 18 y s\u00e1bado 19 de septiembre, en la Temporada Teatral que organiza el Departamento de Artes Esc\u00e9nicas de la Universidad del Valle.<\/span><\/p>\n<p>\u201cClaver\u201d, dirigida por Juli\u00e1n Mauricio G\u00f3mez, recoge los principales momentos en la vida del ilustre sacerdote jesuita, quien habiendo nacido en Catalu\u00f1a cumpli\u00f3 su apostolado en Cartagena de Indias y consagr\u00f3 su vida a la defensa de los africanos esclavizados.<\/p>\n<p>En la infancia, Claver se encuentra en la disyuntiva de tomar el camino clerical que desea su madre o llevar una vida de campesino pr\u00f3spero como lo desea su padre; esta dualidad recoge el conflicto entre el libre albedr\u00edo y predestinaci\u00f3n, caracter\u00edstico de esa \u00e9poca. Cuenta la leyenda que Claver lleg\u00f3 a bautizar a cerca de 300 mil\u00a0 africanos, gracias a que estudi\u00f3 diversos idiomas de los esclavizados.<\/p>\n<p>El espect\u00e1culo que relata la vida del santo Claver se desarrolla en el plano aleg\u00f3rico, la din\u00e1mica epis\u00f3dica de la obra plantea variedad de situaciones vividas por el santo que permiten al espectador conocer, simult\u00e1neamente, al hombre divino y profano. La escenograf\u00eda minimalista recrea todos los espacios de la obra sintetizando diversas \u00e9pocas y situaciones.<\/p>\n<p>Oswaldo D\u00edaz D\u00edaz es uno de los dramaturgos colombianos m\u00e1s importantes de mediados del siglo XX, su gran producci\u00f3n esc\u00e9nica ha estado relegada a los anaqueles de las bibliotecas y paulatinamente se inicia el inter\u00e9s en la\u00a0 figura de \u00e9ste abogado nacido en Gachet\u00e1, Cundinamarca. La puesta en escena es un homenaje a su legado de temas propiamente colombianos. Juli\u00e1n Mauricio G\u00f3mez es un joven director que ha llevado a escena obras como El pel\u00edcano de Strindberg y Chelkash\u00a0 de Gorki.<\/p>\n<p>Fuente: Agencia de Noticias Univalle<\/p>\n","protected":false},"excerpt":{"rendered":"<p>La historia de San Pedro Claver se estrena en teatroLa obra \u201cClaver\u201d, drama escrito por el colombiano Oswaldo D\u00edaz D\u00edaz, se estrenar\u00e1 este viernes 18 y s\u00e1bado 19 de septiembre, en la Temporada Teatral que organiza el Departamento de Artes Esc\u00e9nicas de la Universidad del Valle. \u201cClaver\u201d, dirigida por Juli\u00e1n[&#8230;]<\/p>\n","protected":false},"author":1,"featured_media":7206,"comment_status":"open","ping_status":"open","sticky":false,"template":"","format":"standard","meta":{"footnotes":""},"categories":[4],"tags":[],"_links":{"self":[{"href":"https:\/\/emisora.univalle.edu.co\/index.php\/wp-json\/wp\/v2\/posts\/7213"}],"collection":[{"href":"https:\/\/emisora.univalle.edu.co\/index.php\/wp-json\/wp\/v2\/posts"}],"about":[{"href":"https:\/\/emisora.univalle.edu.co\/index.php\/wp-json\/wp\/v2\/types\/post"}],"author":[{"embeddable":true,"href":"https:\/\/emisora.univalle.edu.co\/index.php\/wp-json\/wp\/v2\/users\/1"}],"replies":[{"embeddable":true,"href":"https:\/\/emisora.univalle.edu.co\/index.php\/wp-json\/wp\/v2\/comments?post=7213"}],"version-history":[{"count":1,"href":"https:\/\/emisora.univalle.edu.co\/index.php\/wp-json\/wp\/v2\/posts\/7213\/revisions"}],"predecessor-version":[{"id":7214,"href":"https:\/\/emisora.univalle.edu.co\/index.php\/wp-json\/wp\/v2\/posts\/7213\/revisions\/7214"}],"wp:featuredmedia":[{"embeddable":true,"href":"https:\/\/emisora.univalle.edu.co\/index.php\/wp-json\/wp\/v2\/media\/7206"}],"wp:attachment":[{"href":"https:\/\/emisora.univalle.edu.co\/index.php\/wp-json\/wp\/v2\/media?parent=7213"}],"wp:term":[{"taxonomy":"category","embeddable":true,"href":"https:\/\/emisora.univalle.edu.co\/index.php\/wp-json\/wp\/v2\/categories?post=7213"},{"taxonomy":"post_tag","embeddable":true,"href":"https:\/\/emisora.univalle.edu.co\/index.php\/wp-json\/wp\/v2\/tags?post=7213"}],"curies":[{"name":"wp","href":"https:\/\/api.w.org\/{rel}","templated":true}]}}