{"id":7222,"date":"2015-09-16T10:29:25","date_gmt":"2015-09-16T15:29:25","guid":{"rendered":"https:\/\/emisora.univalle.edu.co\/\/?p=7222"},"modified":"2015-09-16T10:29:25","modified_gmt":"2015-09-16T15:29:25","slug":"alcalde-guerrero-hace-realidad-el-sueno-del-mio-cable-este-jueves","status":"publish","type":"post","link":"https:\/\/emisora.univalle.edu.co\/index.php\/alcalde-guerrero-hace-realidad-el-sueno-del-mio-cable-este-jueves\/","title":{"rendered":"Alcalde Guerrero hace realidad el sue\u00f1o del MIO Cable, este jueves"},"content":{"rendered":"<p><span style=\"line-height: 1.5em;\">El alcalde de Cali, Rodrigo Guerrero Velasco, y el presidente de Metrocali, Luis Eduardo Sandoval, inaugurar\u00e1n oficialmente el MIO Cable -este jueves 17 de septiembre a las 9:30 a.m.- el sistema de transporte aerosuspendido que permitir\u00e1 la movilizaci\u00f3n \u00e1gil y segura de los habitantes de la zona de ladera de la comuna 20, en el sur de la ciudad.<\/span><\/p>\n<p>Este sistema aerosuspendido estar\u00e1 alimentado por 60 cabinas o g\u00f3ndolas que har\u00e1n viajes a trav\u00e9s de 4 estaciones -Tierra Blanca, Lleras Camargo y Brisas de Mayo-, partiendo desde la estaci\u00f3n de Ca\u00f1averalejo.<\/p>\n<p>Se prev\u00e9 que el MIO Cable movilice en forma inicial 7000 pasajeros por d\u00eda, aunque tiene una capacidad de desplazamiento para 20.000 usuarios diarios.<\/p>\n<p>Fecha de inauguraci\u00f3n: 17 de septiembre<\/p>\n<p>Hora: 9:30 a.m.<\/p>\n<p>Sitio:\u00a0\u00a0 Estaci\u00f3n Brisas de Mayo<\/p>\n<p><a href=\"https:\/\/emisora.univalle.edu.co\/\/wp-content\/uploads\/2015\/09\/Estaci\u00f3n-Mio-cable.jpg\" data-lightbox=\"gal[7222]\"><img loading=\"lazy\" decoding=\"async\" class=\"alignright size-full wp-image-7199\" alt=\"Estaci\u00f3n Mio cable\" src=\"https:\/\/emisora.univalle.edu.co\/\/wp-content\/uploads\/2015\/09\/Estaci\u00f3n-Mio-cable.jpg\" width=\"670\" height=\"323\" srcset=\"https:\/\/emisora.univalle.edu.co\/wp-content\/uploads\/2015\/09\/Estaci\u00f3n-Mio-cable.jpg 670w, https:\/\/emisora.univalle.edu.co\/wp-content\/uploads\/2015\/09\/Estaci\u00f3n-Mio-cable-300x144.jpg 300w, https:\/\/emisora.univalle.edu.co\/wp-content\/uploads\/2015\/09\/Estaci\u00f3n-Mio-cable-438x211.jpg 438w\" sizes=\"(max-width: 670px) 100vw, 670px\" \/><\/a><\/p>\n<p>Fuente: Comunicaciones Alcald\u00eda<\/p>\n","protected":false},"excerpt":{"rendered":"<p>El alcalde de Cali, Rodrigo Guerrero Velasco, y el presidente de Metrocali, Luis Eduardo Sandoval, inaugurar\u00e1n oficialmente el MIO Cable -este jueves 17 de septiembre a las 9:30 a.m.- el sistema de transporte aerosuspendido que permitir\u00e1 la movilizaci\u00f3n \u00e1gil y segura de los habitantes de la zona de ladera de[&#8230;]<\/p>\n","protected":false},"author":1,"featured_media":7201,"comment_status":"open","ping_status":"open","sticky":false,"template":"","format":"standard","meta":{"footnotes":""},"categories":[4],"tags":[],"_links":{"self":[{"href":"https:\/\/emisora.univalle.edu.co\/index.php\/wp-json\/wp\/v2\/posts\/7222"}],"collection":[{"href":"https:\/\/emisora.univalle.edu.co\/index.php\/wp-json\/wp\/v2\/posts"}],"about":[{"href":"https:\/\/emisora.univalle.edu.co\/index.php\/wp-json\/wp\/v2\/types\/post"}],"author":[{"embeddable":true,"href":"https:\/\/emisora.univalle.edu.co\/index.php\/wp-json\/wp\/v2\/users\/1"}],"replies":[{"embeddable":true,"href":"https:\/\/emisora.univalle.edu.co\/index.php\/wp-json\/wp\/v2\/comments?post=7222"}],"version-history":[{"count":1,"href":"https:\/\/emisora.univalle.edu.co\/index.php\/wp-json\/wp\/v2\/posts\/7222\/revisions"}],"predecessor-version":[{"id":7223,"href":"https:\/\/emisora.univalle.edu.co\/index.php\/wp-json\/wp\/v2\/posts\/7222\/revisions\/7223"}],"wp:featuredmedia":[{"embeddable":true,"href":"https:\/\/emisora.univalle.edu.co\/index.php\/wp-json\/wp\/v2\/media\/7201"}],"wp:attachment":[{"href":"https:\/\/emisora.univalle.edu.co\/index.php\/wp-json\/wp\/v2\/media?parent=7222"}],"wp:term":[{"taxonomy":"category","embeddable":true,"href":"https:\/\/emisora.univalle.edu.co\/index.php\/wp-json\/wp\/v2\/categories?post=7222"},{"taxonomy":"post_tag","embeddable":true,"href":"https:\/\/emisora.univalle.edu.co\/index.php\/wp-json\/wp\/v2\/tags?post=7222"}],"curies":[{"name":"wp","href":"https:\/\/api.w.org\/{rel}","templated":true}]}}