{"id":7224,"date":"2015-09-16T10:30:29","date_gmt":"2015-09-16T15:30:29","guid":{"rendered":"https:\/\/emisora.univalle.edu.co\/\/?p=7224"},"modified":"2015-09-16T10:30:29","modified_gmt":"2015-09-16T15:30:29","slug":"incendios-forestales-y-desabastecimiento-de-agua-dos-problemas-que-aumentan-en-el-valle","status":"publish","type":"post","link":"https:\/\/emisora.univalle.edu.co\/index.php\/incendios-forestales-y-desabastecimiento-de-agua-dos-problemas-que-aumentan-en-el-valle\/","title":{"rendered":"Incendios forestales y desabastecimiento de agua, dos problemas que aumentan en el Valle"},"content":{"rendered":"<p><span style=\"line-height: 1.5em;\">Los incendios forestales aumentan en el mes de septiembre por sequ\u00eda y por creencias urbanas de los habitantes del campo, hasta el 31 de agosto la cifra super\u00f3 los 2.000 incendios forestales en las zonas rurales del departamento. La Oficina de Gesti\u00f3n del Riesgo del Gobierno del Valle hizo un llamado a la comunidad para tomar conciencia de este grave caso.<\/span><\/p>\n<p>Alberto Ramos G\u00e1rbiras, jefe de Gesti\u00f3n del Riesgo departamental indic\u00f3 en rueda de prensa que \u201cdesde la administraci\u00f3n departamental hemos venido tomando medidas que vinculan a la ciudadan\u00eda a tomar conciencia y racionar el l\u00edquido vital, ya que por esta \u00e9poca del a\u00f1o el fen\u00f3meno del ni\u00f1o permite que el desabastecimiento aumente. Por otra parte, los incendios forestales son un problema latente que aumenta todos los d\u00edas, por eso le decimos a la comunidad que por favor no propicie estos incendios\u201d.<\/p>\n<p>Por su parte el Capit\u00e1n Jairo Soto, director de bomberos del Valle manifest\u00f3 que la junta departamental y el fondo para los bomberos deben reanudarse para fortalecer el cuerpo voluntario y poder combatir esta problem\u00e1tica ambiental.<\/p>\n<p>La Oficina de Gesti\u00f3n del Riesgo hace un llamado a la ciudadan\u00eda para que controlen las quemas forestales y se abstengan de iniciar incendios en las partes secas de la parte rural.<\/p>\n<p>Fuente: Comunicaciones Gobernaci\u00f3n<\/p>\n","protected":false},"excerpt":{"rendered":"<p>Los incendios forestales aumentan en el mes de septiembre por sequ\u00eda y por creencias urbanas de los habitantes del campo, hasta el 31 de agosto la cifra super\u00f3 los 2.000 incendios forestales en las zonas rurales del departamento. La Oficina de Gesti\u00f3n del Riesgo del Gobierno del Valle hizo un[&#8230;]<\/p>\n","protected":false},"author":1,"featured_media":7200,"comment_status":"open","ping_status":"open","sticky":false,"template":"","format":"standard","meta":{"footnotes":""},"categories":[4],"tags":[],"_links":{"self":[{"href":"https:\/\/emisora.univalle.edu.co\/index.php\/wp-json\/wp\/v2\/posts\/7224"}],"collection":[{"href":"https:\/\/emisora.univalle.edu.co\/index.php\/wp-json\/wp\/v2\/posts"}],"about":[{"href":"https:\/\/emisora.univalle.edu.co\/index.php\/wp-json\/wp\/v2\/types\/post"}],"author":[{"embeddable":true,"href":"https:\/\/emisora.univalle.edu.co\/index.php\/wp-json\/wp\/v2\/users\/1"}],"replies":[{"embeddable":true,"href":"https:\/\/emisora.univalle.edu.co\/index.php\/wp-json\/wp\/v2\/comments?post=7224"}],"version-history":[{"count":1,"href":"https:\/\/emisora.univalle.edu.co\/index.php\/wp-json\/wp\/v2\/posts\/7224\/revisions"}],"predecessor-version":[{"id":7225,"href":"https:\/\/emisora.univalle.edu.co\/index.php\/wp-json\/wp\/v2\/posts\/7224\/revisions\/7225"}],"wp:featuredmedia":[{"embeddable":true,"href":"https:\/\/emisora.univalle.edu.co\/index.php\/wp-json\/wp\/v2\/media\/7200"}],"wp:attachment":[{"href":"https:\/\/emisora.univalle.edu.co\/index.php\/wp-json\/wp\/v2\/media?parent=7224"}],"wp:term":[{"taxonomy":"category","embeddable":true,"href":"https:\/\/emisora.univalle.edu.co\/index.php\/wp-json\/wp\/v2\/categories?post=7224"},{"taxonomy":"post_tag","embeddable":true,"href":"https:\/\/emisora.univalle.edu.co\/index.php\/wp-json\/wp\/v2\/tags?post=7224"}],"curies":[{"name":"wp","href":"https:\/\/api.w.org\/{rel}","templated":true}]}}