{"id":7226,"date":"2015-09-16T10:31:22","date_gmt":"2015-09-16T15:31:22","guid":{"rendered":"https:\/\/emisora.univalle.edu.co\/\/?p=7226"},"modified":"2015-09-16T10:31:22","modified_gmt":"2015-09-16T15:31:22","slug":"tim-keppel-en-viernes-de-letras","status":"publish","type":"post","link":"https:\/\/emisora.univalle.edu.co\/index.php\/tim-keppel-en-viernes-de-letras\/","title":{"rendered":"Tim Keppel en Viernes de Letras"},"content":{"rendered":"<p><span style=\"line-height: 1.5em;\">Como parte de la programaci\u00f3n de los \u201cViernes de letras\u201d, que coordina la Escuela de Estudios Literarios de la Universidad del Valle, se realizar\u00e1 un conversatorio con el escritor Tim Keppel, este viernes 18 de septiembre, a las 6:00 p.m., en el Auditorio \u00c1ngel Zapata, Biblioteca Mario Carvajal, Mel\u00e9ndez.<\/span><\/p>\n<p>Tim Keppel es docente de la Universidad del Valle; estudi\u00f3 literatura en la Universidad de Carolina del Norte y, posteriormente, culmin\u00f3 el Doctorado en Literatura Norteamericana en la Universidad Estatal de Florida. Desde 1995 est\u00e1 reside en Cali.<\/p>\n<p>Entre sus publicaciones se encuentran los libros de cuentos Alerta de terremoto (2006) y \u00bfA d\u00f3nde vas? (2015), y la novela Cuesti\u00f3n de familia (2009). Ha publicado cuentos, cr\u00f3nicas y rese\u00f1as en El Malpensante, N\u00famero, Arcadia, El Espectador, El Pa\u00eds, Donju\u00e1n, Odradek, Revista Diners y Revista Universidad de Antioquia, adem\u00e1s de revistas y antolog\u00edas en los Estados Unidos y otros pa\u00edses.<\/p>\n<p>\u201cViernes de Letras\u201d es un ciclo de conferencias coordinado por la Escuela de Estudios Literarios, con el apoyo del \u00c1rea Cultural de la Divisi\u00f3n de Bibliotecas, en el que se busca que reconocidos autores y acad\u00e9micos reflexionen y establezcan un debate alrededor sobre la literatura.<\/p>\n<p>Fuente: Agencia de Noticias Univalle<\/p>\n","protected":false},"excerpt":{"rendered":"<p>Como parte de la programaci\u00f3n de los \u201cViernes de letras\u201d, que coordina la Escuela de Estudios Literarios de la Universidad del Valle, se realizar\u00e1 un conversatorio con el escritor Tim Keppel, este viernes 18 de septiembre, a las 6:00 p.m., en el Auditorio \u00c1ngel Zapata, Biblioteca Mario Carvajal, Mel\u00e9ndez. Tim[&#8230;]<\/p>\n","protected":false},"author":1,"featured_media":7210,"comment_status":"open","ping_status":"open","sticky":false,"template":"","format":"standard","meta":{"footnotes":""},"categories":[4],"tags":[],"_links":{"self":[{"href":"https:\/\/emisora.univalle.edu.co\/index.php\/wp-json\/wp\/v2\/posts\/7226"}],"collection":[{"href":"https:\/\/emisora.univalle.edu.co\/index.php\/wp-json\/wp\/v2\/posts"}],"about":[{"href":"https:\/\/emisora.univalle.edu.co\/index.php\/wp-json\/wp\/v2\/types\/post"}],"author":[{"embeddable":true,"href":"https:\/\/emisora.univalle.edu.co\/index.php\/wp-json\/wp\/v2\/users\/1"}],"replies":[{"embeddable":true,"href":"https:\/\/emisora.univalle.edu.co\/index.php\/wp-json\/wp\/v2\/comments?post=7226"}],"version-history":[{"count":1,"href":"https:\/\/emisora.univalle.edu.co\/index.php\/wp-json\/wp\/v2\/posts\/7226\/revisions"}],"predecessor-version":[{"id":7227,"href":"https:\/\/emisora.univalle.edu.co\/index.php\/wp-json\/wp\/v2\/posts\/7226\/revisions\/7227"}],"wp:featuredmedia":[{"embeddable":true,"href":"https:\/\/emisora.univalle.edu.co\/index.php\/wp-json\/wp\/v2\/media\/7210"}],"wp:attachment":[{"href":"https:\/\/emisora.univalle.edu.co\/index.php\/wp-json\/wp\/v2\/media?parent=7226"}],"wp:term":[{"taxonomy":"category","embeddable":true,"href":"https:\/\/emisora.univalle.edu.co\/index.php\/wp-json\/wp\/v2\/categories?post=7226"},{"taxonomy":"post_tag","embeddable":true,"href":"https:\/\/emisora.univalle.edu.co\/index.php\/wp-json\/wp\/v2\/tags?post=7226"}],"curies":[{"name":"wp","href":"https:\/\/api.w.org\/{rel}","templated":true}]}}