{"id":7230,"date":"2015-09-16T10:35:12","date_gmt":"2015-09-16T15:35:12","guid":{"rendered":"https:\/\/emisora.univalle.edu.co\/\/?p=7230"},"modified":"2015-09-16T10:35:12","modified_gmt":"2015-09-16T15:35:12","slug":"el-teatro-la-danza-y-la-pintura-protagonistas-del-viernes-de-la-cultura","status":"publish","type":"post","link":"https:\/\/emisora.univalle.edu.co\/index.php\/el-teatro-la-danza-y-la-pintura-protagonistas-del-viernes-de-la-cultura\/","title":{"rendered":"El Teatro, la Danza y la Pintura protagonistas del \u201cViernes de la Cultura\u201d"},"content":{"rendered":"<p><span style=\"line-height: 1.5em;\">La Gobernaci\u00f3n del Valle del Cauca y la Secretar\u00eda de Cultura Departamental, contin\u00faan fortaleciendo\u00a0 las expresiones art\u00edsticas y culturales en\u00a0 los 42 municipios del departamento con espacios de integraci\u00f3n e inclusi\u00f3n a trav\u00e9s del programa institucional, \u201cViernes de la Cultura\u201d; que para este viernes 18 de septiembre se realizara en Cali y Cerrito<\/span><\/p>\n<p>El Viernes de la Cultura, deleitara a los cale\u00f1os gracias a la presentaci\u00f3n de La Compa\u00f1\u00eda Art\u00edstica\u00a0 Incolballet con la obra \u201cPasiones\u201d y al Teatro Experimental de Cali TEC con la presentaci\u00f3n\u00a0 de la Obra Pict\u00f3rica del Maestro Enrique Buenaventura, esta programaci\u00f3n se llevara a cabo en el Teatro Municipal Enrique Buenaventura a partir de 8:00pm.<\/p>\n<p>Por su parte el municipio de El Cerrito tendr\u00e1 la oportunidad de apreciar la obra \u201cGuinnaru\u201d, pieza teatral del Teatro Experimental de Cali TEC, que cuenta la historia del esp\u00edritu del agua que viene de \u00c1frica a la costa Pac\u00edfica de Colombia, elaborada a trav\u00e9s de historias cortas de una antolog\u00eda\u00a0 de tradici\u00f3n oral africana<\/p>\n<p>\u201cDeseamos consolidar un Valle del Cauca cultural, en el que las Instituciones que trabajan por la cultura sean una sola fuerza, que sus ejercicios individuales, responsables y creativos alimenten el accionar de todos los dem\u00e1s entes culturales y de esa manera crezca el amor en la ciudadan\u00eda por estas manifestaciones, que la regi\u00f3n reconozca el impacto de ellas como un todo, como un Departamento diverso, art\u00edstico y pujante\u201d. Afirm\u00f3 la Secretaria de Cultura Ana Mar\u00eda Jaramillo Torres.<\/p>\n<p>Fuente: Comunicaciones Gobernaci\u00f3n<\/p>\n","protected":false},"excerpt":{"rendered":"<p>La Gobernaci\u00f3n del Valle del Cauca y la Secretar\u00eda de Cultura Departamental, contin\u00faan fortaleciendo\u00a0 las expresiones art\u00edsticas y culturales en\u00a0 los 42 municipios del departamento con espacios de integraci\u00f3n e inclusi\u00f3n a trav\u00e9s del programa institucional, \u201cViernes de la Cultura\u201d; que para este viernes 18 de septiembre se realizara en[&#8230;]<\/p>\n","protected":false},"author":1,"featured_media":7197,"comment_status":"open","ping_status":"open","sticky":false,"template":"","format":"standard","meta":{"footnotes":""},"categories":[4],"tags":[],"_links":{"self":[{"href":"https:\/\/emisora.univalle.edu.co\/index.php\/wp-json\/wp\/v2\/posts\/7230"}],"collection":[{"href":"https:\/\/emisora.univalle.edu.co\/index.php\/wp-json\/wp\/v2\/posts"}],"about":[{"href":"https:\/\/emisora.univalle.edu.co\/index.php\/wp-json\/wp\/v2\/types\/post"}],"author":[{"embeddable":true,"href":"https:\/\/emisora.univalle.edu.co\/index.php\/wp-json\/wp\/v2\/users\/1"}],"replies":[{"embeddable":true,"href":"https:\/\/emisora.univalle.edu.co\/index.php\/wp-json\/wp\/v2\/comments?post=7230"}],"version-history":[{"count":1,"href":"https:\/\/emisora.univalle.edu.co\/index.php\/wp-json\/wp\/v2\/posts\/7230\/revisions"}],"predecessor-version":[{"id":7231,"href":"https:\/\/emisora.univalle.edu.co\/index.php\/wp-json\/wp\/v2\/posts\/7230\/revisions\/7231"}],"wp:featuredmedia":[{"embeddable":true,"href":"https:\/\/emisora.univalle.edu.co\/index.php\/wp-json\/wp\/v2\/media\/7197"}],"wp:attachment":[{"href":"https:\/\/emisora.univalle.edu.co\/index.php\/wp-json\/wp\/v2\/media?parent=7230"}],"wp:term":[{"taxonomy":"category","embeddable":true,"href":"https:\/\/emisora.univalle.edu.co\/index.php\/wp-json\/wp\/v2\/categories?post=7230"},{"taxonomy":"post_tag","embeddable":true,"href":"https:\/\/emisora.univalle.edu.co\/index.php\/wp-json\/wp\/v2\/tags?post=7230"}],"curies":[{"name":"wp","href":"https:\/\/api.w.org\/{rel}","templated":true}]}}