{"id":7232,"date":"2015-09-16T10:36:51","date_gmt":"2015-09-16T15:36:51","guid":{"rendered":"https:\/\/emisora.univalle.edu.co\/\/?p=7232"},"modified":"2015-09-16T10:36:51","modified_gmt":"2015-09-16T15:36:51","slug":"el-pacifico-en-la-biblioteca-de-univalle","status":"publish","type":"post","link":"https:\/\/emisora.univalle.edu.co\/index.php\/el-pacifico-en-la-biblioteca-de-univalle\/","title":{"rendered":"El Pac\u00edfico en la Biblioteca de Univalle"},"content":{"rendered":"<p><span style=\"line-height: 1.5em;\">Del 19 de septiembre al 2 de octubre de 2015, la Biblioteca Mario Carvajal tendr\u00e1 abierta la exposici\u00f3n \u201cPac\u00edfico Sur, territorio revelado\u201d.<\/span><\/p>\n<p>Esta exposici\u00f3n visita la Instituci\u00f3n gracias a un esfuerzo conjunto del \u00c1rea Cultural de la Divisi\u00f3n de Bibliotecas de la Universidad del Valle y el Ministerio de Cultura.<\/p>\n<p><a href=\"https:\/\/emisora.univalle.edu.co\/\/wp-content\/uploads\/2015\/09\/Pac\u00edfico1.jpg\" data-lightbox=\"gal[7232]\"><img loading=\"lazy\" decoding=\"async\" class=\"size-full wp-image-7208 alignleft\" alt=\"Pac\u00edfico1\" src=\"https:\/\/emisora.univalle.edu.co\/\/wp-content\/uploads\/2015\/09\/Pac\u00edfico1.jpg\" width=\"400\" height=\"298\" srcset=\"https:\/\/emisora.univalle.edu.co\/wp-content\/uploads\/2015\/09\/Pac\u00edfico1.jpg 400w, https:\/\/emisora.univalle.edu.co\/wp-content\/uploads\/2015\/09\/Pac\u00edfico1-300x223.jpg 300w\" sizes=\"(max-width: 400px) 100vw, 400px\" \/><\/a>La exposici\u00f3n consta de 46 fotograf\u00edas que dan cuenta de la riqueza cultural del Pac\u00edfico colombiano, sus gentes, sus m\u00fasicas, sus cantos que han hecho posible la construcci\u00f3n del ser afro, del ser cuerpo colectivo con identidad y cultura llenos de sentidos de vida, de mil formas de alegr\u00eda que tienen que seguir existiendo y resistiendo, convocando y contagiando desde su esp\u00edritu a nuestro pa\u00eds.<\/p>\n<p>Como parte de la exposici\u00f3n, se har\u00e1 el conversatorio \u00abLa construcci\u00f3n del ser Afro, identidad y cultura. Miradas desde la fotograf\u00eda\u00bb, a cargo de Argemiro Cort\u00e9s, Asesor del Ministerio de Cultura y los fot\u00f3grafos de la muestra, el mi\u00e9rcoles 8 de octubre a las 10:30 a.m., en la Sala Mutis de la Biblioteca.<\/p>\n<p>El apoyo acad\u00e9mico y curatorial de la Muestra est\u00e1 a cargo de Hern\u00e1n Casas Arango, profesor del Departamento de Artes Visuales y Est\u00e9tica &#8211; FAI.<\/p>\n<p>La exposici\u00f3n estar\u00e1 disponible al p\u00fablico en el hall del segundo piso de la Biblioteca Mario Carvajal.<\/p>\n<p><a href=\"https:\/\/emisora.univalle.edu.co\/\/wp-content\/uploads\/2015\/09\/pacifico2.jpg\" data-lightbox=\"gal[7232]\"><img loading=\"lazy\" decoding=\"async\" class=\"alignright size-full wp-image-7209\" alt=\"pacifico2\" src=\"https:\/\/emisora.univalle.edu.co\/\/wp-content\/uploads\/2015\/09\/pacifico2.jpg\" width=\"919\" height=\"473\" srcset=\"https:\/\/emisora.univalle.edu.co\/wp-content\/uploads\/2015\/09\/pacifico2.jpg 919w, https:\/\/emisora.univalle.edu.co\/wp-content\/uploads\/2015\/09\/pacifico2-300x154.jpg 300w, https:\/\/emisora.univalle.edu.co\/wp-content\/uploads\/2015\/09\/pacifico2-438x225.jpg 438w\" sizes=\"(max-width: 919px) 100vw, 919px\" \/><\/a><\/p>\n<p>Fuente: Agencia de Noticias Univalle<\/p>\n","protected":false},"excerpt":{"rendered":"<p>Del 19 de septiembre al 2 de octubre de 2015, la Biblioteca Mario Carvajal tendr\u00e1 abierta la exposici\u00f3n \u201cPac\u00edfico Sur, territorio revelado\u201d. Esta exposici\u00f3n visita la Instituci\u00f3n gracias a un esfuerzo conjunto del \u00c1rea Cultural de la Divisi\u00f3n de Bibliotecas de la Universidad del Valle y el Ministerio de Cultura.[&#8230;]<\/p>\n","protected":false},"author":1,"featured_media":7207,"comment_status":"open","ping_status":"open","sticky":false,"template":"","format":"standard","meta":{"footnotes":""},"categories":[4],"tags":[],"_links":{"self":[{"href":"https:\/\/emisora.univalle.edu.co\/index.php\/wp-json\/wp\/v2\/posts\/7232"}],"collection":[{"href":"https:\/\/emisora.univalle.edu.co\/index.php\/wp-json\/wp\/v2\/posts"}],"about":[{"href":"https:\/\/emisora.univalle.edu.co\/index.php\/wp-json\/wp\/v2\/types\/post"}],"author":[{"embeddable":true,"href":"https:\/\/emisora.univalle.edu.co\/index.php\/wp-json\/wp\/v2\/users\/1"}],"replies":[{"embeddable":true,"href":"https:\/\/emisora.univalle.edu.co\/index.php\/wp-json\/wp\/v2\/comments?post=7232"}],"version-history":[{"count":1,"href":"https:\/\/emisora.univalle.edu.co\/index.php\/wp-json\/wp\/v2\/posts\/7232\/revisions"}],"predecessor-version":[{"id":7233,"href":"https:\/\/emisora.univalle.edu.co\/index.php\/wp-json\/wp\/v2\/posts\/7232\/revisions\/7233"}],"wp:featuredmedia":[{"embeddable":true,"href":"https:\/\/emisora.univalle.edu.co\/index.php\/wp-json\/wp\/v2\/media\/7207"}],"wp:attachment":[{"href":"https:\/\/emisora.univalle.edu.co\/index.php\/wp-json\/wp\/v2\/media?parent=7232"}],"wp:term":[{"taxonomy":"category","embeddable":true,"href":"https:\/\/emisora.univalle.edu.co\/index.php\/wp-json\/wp\/v2\/categories?post=7232"},{"taxonomy":"post_tag","embeddable":true,"href":"https:\/\/emisora.univalle.edu.co\/index.php\/wp-json\/wp\/v2\/tags?post=7232"}],"curies":[{"name":"wp","href":"https:\/\/api.w.org\/{rel}","templated":true}]}}