{"id":7234,"date":"2015-09-16T10:38:05","date_gmt":"2015-09-16T15:38:05","guid":{"rendered":"https:\/\/emisora.univalle.edu.co\/\/?p=7234"},"modified":"2015-09-16T10:38:05","modified_gmt":"2015-09-16T15:38:05","slug":"encuentro-departamental-de-bandas-musicales-2015","status":"publish","type":"post","link":"https:\/\/emisora.univalle.edu.co\/index.php\/encuentro-departamental-de-bandas-musicales-2015\/","title":{"rendered":"Encuentro Departamental de Bandas Musicales 2015"},"content":{"rendered":"<p><span style=\"line-height: 1.5em;\">El gobernador del Valle del Cauca Ubeimar Delgado Bland\u00f3n y la Secretaria de Cultura Departamental Ana Mar\u00eda Jaramillo Torres Realizar\u00e1n el Encuentro Departamental de Bandas Musicales, el pr\u00f3ximo s\u00e1bado\u00a0 19 de Septiembre, en el parque Bol\u00edvar del municipio de Cartago, a partir de las\u00a0 11:00am.<\/span><\/p>\n<p>El evento est\u00e1\u00a0 enmarcado en el Programa de Est\u00edmulo, Promoci\u00f3n, Difusi\u00f3n Investigaci\u00f3n del Estado del Arte y la Cultura del Valle del Cauca, que busca ampliar y fortalecer la pr\u00e1ctica, el conocimiento y el disfrute de la m\u00fasica.<\/p>\n<p>Para este a\u00f1o, el encuentro se realizar\u00e1 en gran formato o ensamble, a trav\u00e9s la presentaci\u00f3n de bandas que hist\u00f3ricamente se han caracterizado por su alto nivel musical y art\u00edstico, por haber realizado trabajo art\u00edstico de ensamble y haber participado en eventos de car\u00e1cter nacional.<\/p>\n<p>Se incorpora adem\u00e1s dentro del Encuentro, la exaltaci\u00f3n de la vida y obra de un artista reconocido a nivel nacional, oriundo del departamento del Valle del Cauca, como lo es el Maestro Edmundo Arias, autor de obras como: la Cumbia de Caribe, las Cosas de la Vida, Ligia entre otros de los\u00a0 327 temas de su autoria.<\/p>\n<p>Este Encuentro busca Fortalecer los procesos de formaci\u00f3n musical de los municipios en el desarrollo de\u00a0 sus diferentes etapas formativas y empoderar a la comunidad alrededor de la pr\u00e1ctica formativa musical municipal y regional.<\/p>\n<p>Fuente: Comunicaciones Gobernaci\u00f3n<\/p>\n","protected":false},"excerpt":{"rendered":"<p>El gobernador del Valle del Cauca Ubeimar Delgado Bland\u00f3n y la Secretaria de Cultura Departamental Ana Mar\u00eda Jaramillo Torres Realizar\u00e1n el Encuentro Departamental de Bandas Musicales, el pr\u00f3ximo s\u00e1bado\u00a0 19 de Septiembre, en el parque Bol\u00edvar del municipio de Cartago, a partir de las\u00a0 11:00am. El evento est\u00e1\u00a0 enmarcado en[&#8230;]<\/p>\n","protected":false},"author":1,"featured_media":7198,"comment_status":"open","ping_status":"open","sticky":false,"template":"","format":"standard","meta":{"footnotes":""},"categories":[4],"tags":[],"_links":{"self":[{"href":"https:\/\/emisora.univalle.edu.co\/index.php\/wp-json\/wp\/v2\/posts\/7234"}],"collection":[{"href":"https:\/\/emisora.univalle.edu.co\/index.php\/wp-json\/wp\/v2\/posts"}],"about":[{"href":"https:\/\/emisora.univalle.edu.co\/index.php\/wp-json\/wp\/v2\/types\/post"}],"author":[{"embeddable":true,"href":"https:\/\/emisora.univalle.edu.co\/index.php\/wp-json\/wp\/v2\/users\/1"}],"replies":[{"embeddable":true,"href":"https:\/\/emisora.univalle.edu.co\/index.php\/wp-json\/wp\/v2\/comments?post=7234"}],"version-history":[{"count":1,"href":"https:\/\/emisora.univalle.edu.co\/index.php\/wp-json\/wp\/v2\/posts\/7234\/revisions"}],"predecessor-version":[{"id":7235,"href":"https:\/\/emisora.univalle.edu.co\/index.php\/wp-json\/wp\/v2\/posts\/7234\/revisions\/7235"}],"wp:featuredmedia":[{"embeddable":true,"href":"https:\/\/emisora.univalle.edu.co\/index.php\/wp-json\/wp\/v2\/media\/7198"}],"wp:attachment":[{"href":"https:\/\/emisora.univalle.edu.co\/index.php\/wp-json\/wp\/v2\/media?parent=7234"}],"wp:term":[{"taxonomy":"category","embeddable":true,"href":"https:\/\/emisora.univalle.edu.co\/index.php\/wp-json\/wp\/v2\/categories?post=7234"},{"taxonomy":"post_tag","embeddable":true,"href":"https:\/\/emisora.univalle.edu.co\/index.php\/wp-json\/wp\/v2\/tags?post=7234"}],"curies":[{"name":"wp","href":"https:\/\/api.w.org\/{rel}","templated":true}]}}