{"id":7238,"date":"2015-09-16T10:40:51","date_gmt":"2015-09-16T15:40:51","guid":{"rendered":"https:\/\/emisora.univalle.edu.co\/\/?p=7238"},"modified":"2015-09-16T10:40:51","modified_gmt":"2015-09-16T15:40:51","slug":"secretario-de-salud-se-pronuncia-ante-el-colapso-de-la-clinica-rafael-uribe-uribe-del-sector-privado","status":"publish","type":"post","link":"https:\/\/emisora.univalle.edu.co\/index.php\/secretario-de-salud-se-pronuncia-ante-el-colapso-de-la-clinica-rafael-uribe-uribe-del-sector-privado\/","title":{"rendered":"Secretario de Salud se pronuncia ante el colapso de la Cl\u00ednica Rafael Uribe Uribe del sector privado"},"content":{"rendered":"<p><span style=\"line-height: 1.5em;\">Ante el cierre del \u00e1rea de urgencias de la Cl\u00ednica Rafael Uribe Uribe a causa de la crisis financiera en la que estaba inmersa, el secretario de Salud Fernando Guti\u00e9rrez Guti\u00e9rrez hizo un llamado a la red privada de la ciudad y del departamento y a las EPS de la regi\u00f3n para proponer a los Ministros de Salud y de Hacienda y al Superintendente de Salud, una profunda evaluaci\u00f3n sobre la situaci\u00f3n de salud del departamento que esta en la peor crisis de su historia para encontrar soluciones inmediatas.<\/span><\/p>\n<p>Para el Secretario de Salud Fernando Guti\u00e9rrez Guti\u00e9rrez la ahora meta es lograr que la Universidad Libre agilice la vinculaci\u00f3n de un nuevo operador y espera que esta semana se desplacen a Cali algunos directivos e informen de las gestiones pertinentes con el fin de reabrir cuanto antes dicha \u00e1rea al igual que normalizar todos los servicios de la Uribe.<\/p>\n<p>\u201cAunque el jueves 10 de septiembre, se solicit\u00f3 al liquidador de la Corporaci\u00f3n Comfenalco Valle Unilibre, que se hiciera todo el esfuerzo posible para no cerrar urgencias, teniendo en cuenta que el Hospital Universitario del Valle, padec\u00eda cierre de servicios, ellos tomaron la decisi\u00f3n al no disponer de los recursos ni insumos para atender la demanda de pacientes en Urgencias\u201d, asever\u00f3 el funcionario.<\/p>\n<p>Gutierrez agreg\u00f3 que para la red hospitalaria del Valle son vitales las 400 camas de la cl\u00ednica Uribe, instituci\u00f3n tradicional en la ciudad. Esta es una empresa privada y la causa de la crisis es un tema muy al interior de la relaci\u00f3n Unilibre Comfenalco.<\/p>\n<p>\u201cNo tiene nada que ver con el estado en cuanto a las fuentes de financiaci\u00f3n, pero como Secretar\u00eda de Salud del Valle, obviamente afecta el entorno, la situaci\u00f3n de los servicios de salud de Cali y el Departamento y estamos propugnando porque se le da salida inmediata a este tema. Confiamos en que esta situaci\u00f3n sea transitoria donde todos tenemos que coadyuvar\u201d, finaliz\u00f3 el funcionario.<\/p>\n<p>La Secretar\u00eda de Salud del Valle participa en las gestiones para superar el cr\u00edtico proceso que vive la cl\u00ednica Rafael Uribe Uribe, que cerr\u00f3 el \u00e1rea de urgencias y avanza en el traslado de 160 pacientes a otras IPS de la ciudad.<\/p>\n<p>Se espera que haya una pronta respuesta de la red privada de la ciudad y del departamento para convocar a una reuni\u00f3n con los ministros de salud y de hacienda y el Superintendente de Salud y las EPS de la regi\u00f3n.<\/p>\n<p>Fuente: Comunicaciones Gobernaci\u00f3n<\/p>\n","protected":false},"excerpt":{"rendered":"<p>Ante el cierre del \u00e1rea de urgencias de la Cl\u00ednica Rafael Uribe Uribe a causa de la crisis financiera en la que estaba inmersa, el secretario de Salud Fernando Guti\u00e9rrez Guti\u00e9rrez hizo un llamado a la red privada de la ciudad y del departamento y a las EPS de la[&#8230;]<\/p>\n","protected":false},"author":1,"featured_media":7196,"comment_status":"open","ping_status":"open","sticky":false,"template":"","format":"standard","meta":{"footnotes":""},"categories":[4],"tags":[],"_links":{"self":[{"href":"https:\/\/emisora.univalle.edu.co\/index.php\/wp-json\/wp\/v2\/posts\/7238"}],"collection":[{"href":"https:\/\/emisora.univalle.edu.co\/index.php\/wp-json\/wp\/v2\/posts"}],"about":[{"href":"https:\/\/emisora.univalle.edu.co\/index.php\/wp-json\/wp\/v2\/types\/post"}],"author":[{"embeddable":true,"href":"https:\/\/emisora.univalle.edu.co\/index.php\/wp-json\/wp\/v2\/users\/1"}],"replies":[{"embeddable":true,"href":"https:\/\/emisora.univalle.edu.co\/index.php\/wp-json\/wp\/v2\/comments?post=7238"}],"version-history":[{"count":1,"href":"https:\/\/emisora.univalle.edu.co\/index.php\/wp-json\/wp\/v2\/posts\/7238\/revisions"}],"predecessor-version":[{"id":7239,"href":"https:\/\/emisora.univalle.edu.co\/index.php\/wp-json\/wp\/v2\/posts\/7238\/revisions\/7239"}],"wp:featuredmedia":[{"embeddable":true,"href":"https:\/\/emisora.univalle.edu.co\/index.php\/wp-json\/wp\/v2\/media\/7196"}],"wp:attachment":[{"href":"https:\/\/emisora.univalle.edu.co\/index.php\/wp-json\/wp\/v2\/media?parent=7238"}],"wp:term":[{"taxonomy":"category","embeddable":true,"href":"https:\/\/emisora.univalle.edu.co\/index.php\/wp-json\/wp\/v2\/categories?post=7238"},{"taxonomy":"post_tag","embeddable":true,"href":"https:\/\/emisora.univalle.edu.co\/index.php\/wp-json\/wp\/v2\/tags?post=7238"}],"curies":[{"name":"wp","href":"https:\/\/api.w.org\/{rel}","templated":true}]}}