{"id":7252,"date":"2015-09-16T14:10:48","date_gmt":"2015-09-16T19:10:48","guid":{"rendered":"https:\/\/emisora.univalle.edu.co\/\/?p=7252"},"modified":"2015-09-16T14:16:45","modified_gmt":"2015-09-16T19:16:45","slug":"murio-el-actor-miguel-duran-guzman","status":"publish","type":"post","link":"https:\/\/emisora.univalle.edu.co\/index.php\/murio-el-actor-miguel-duran-guzman\/","title":{"rendered":"Muri\u00f3 el actor Miguel Dur\u00e1n Guzm\u00e1n"},"content":{"rendered":"<p><span style=\"line-height: 1.5em;\">El actor, director, gestor cultural y abogado, Miguel Dur\u00e1n Guzm\u00e1n, quien adem\u00e1s fue Viceministro de Cultura, falleci\u00f3 en las \u00faltimas horas. Dur\u00e1n Guzm\u00e1n fue adem\u00e1s Gerente General del Festival Iberoamericano de Teatro de Bogot\u00e1 y del Teatro Nacional.<\/span><\/p>\n<p>Naci\u00f3 en Bucaramanga, el 23 de septiembre de 1947, creci\u00f3 en la ciudad de los parques y luego se traslad\u00f3 a Bogot\u00e1 para estudiar. Entre 1977 y 1995 realiz\u00f3 diversos estudios en artes esc\u00e9nicas como Interpretaci\u00f3n Esc\u00e9nica, con Alberto Rowisky; Manejo de Mu\u00f1ecos, con Eduardo Dimauro; Formaci\u00f3n del Actor, con \u00c1ngel Facio; Puesta en Escena, con Ricard Salvat; Direcci\u00f3n de Actores, con Jos\u00e9 Struch; e Historia de los Espacios Esc\u00e9nicos, con Carlos Jos\u00e9 Reyes.<\/p>\n<p>Fue actor y director del Teatro Experimental de la Universidad Externado de Colombia (TEX), entre 1971 y 1974; del Teatro del Centro Latinoamericano de Artes de Washington D.C., USA, de 1975 a 1976; del Teatro El Alacr\u00e1n de Bogot\u00e1, entre 1976 y 1979; del Colectivo Teatral C\u00f3micos del Carro, de Cuenca, Espa\u00f1a, entre 1979 y 1982; director t\u00e9cnico del Teatro del Aire, de Madrid, Espa\u00f1a, entre 1981 y 1983, y del Teatro Popular de Bogot\u00e1 (T.P.B) entre 1986 y 1991.<\/p>\n<p>Dirigi\u00f3 los departamentos de formaci\u00f3n y narraci\u00f3n oral del T.P.B., en 1985 y 1991. Ocup\u00f3 las subdirecciones de Artes y de Fomento y Desarrollo Regional de Colcultura entre 1992 y 1996.\u00a0 Igualmente fue subdirector del Teatro Mayor Julio Mario Santodomingo.<\/p>\n<p>Su conocimiento de la cultura popular colombiana lo llev\u00f3 a hacer parte del proyecto Crea, del Ministerio Cultura, y recorri\u00f3 el pa\u00eds reconociendo y apoyando las tradiciones m\u00e1s importantes de la cultura popular.<\/p>\n<p>En la actualidad, resid\u00eda en La Jagua (Huila), en donde fund\u00f3 un proyecto teatral dedicado a la formaci\u00f3n en artes esc\u00e9nicas de j\u00f3venes talentos y de la comunidad residente en el municipio.<\/p>\n<p>El Ministerio de Cultura lamenta la muerte del actor y director y gestor cultural y extiende su saludo a la familia y al mundo de los artistas que continuar\u00e1n con su legado. Dur\u00e1n falleci\u00f3 de un c\u00e1ncer de pulm\u00f3n en la Cl\u00ednica Santaf\u00e9, donde estaba recluido desde hace varios d\u00edas.<\/p>\n","protected":false},"excerpt":{"rendered":"<p>El actor, director, gestor cultural y abogado, Miguel Dur\u00e1n Guzm\u00e1n, quien adem\u00e1s fue Viceministro de Cultura, falleci\u00f3 en las \u00faltimas horas. Dur\u00e1n Guzm\u00e1n fue adem\u00e1s Gerente General del Festival Iberoamericano de Teatro de Bogot\u00e1 y del Teatro Nacional. Naci\u00f3 en Bucaramanga, el 23 de septiembre de 1947, creci\u00f3 en la[&#8230;]<\/p>\n","protected":false},"author":1,"featured_media":7253,"comment_status":"open","ping_status":"open","sticky":false,"template":"","format":"standard","meta":{"footnotes":""},"categories":[4],"tags":[],"_links":{"self":[{"href":"https:\/\/emisora.univalle.edu.co\/index.php\/wp-json\/wp\/v2\/posts\/7252"}],"collection":[{"href":"https:\/\/emisora.univalle.edu.co\/index.php\/wp-json\/wp\/v2\/posts"}],"about":[{"href":"https:\/\/emisora.univalle.edu.co\/index.php\/wp-json\/wp\/v2\/types\/post"}],"author":[{"embeddable":true,"href":"https:\/\/emisora.univalle.edu.co\/index.php\/wp-json\/wp\/v2\/users\/1"}],"replies":[{"embeddable":true,"href":"https:\/\/emisora.univalle.edu.co\/index.php\/wp-json\/wp\/v2\/comments?post=7252"}],"version-history":[{"count":1,"href":"https:\/\/emisora.univalle.edu.co\/index.php\/wp-json\/wp\/v2\/posts\/7252\/revisions"}],"predecessor-version":[{"id":7254,"href":"https:\/\/emisora.univalle.edu.co\/index.php\/wp-json\/wp\/v2\/posts\/7252\/revisions\/7254"}],"wp:featuredmedia":[{"embeddable":true,"href":"https:\/\/emisora.univalle.edu.co\/index.php\/wp-json\/wp\/v2\/media\/7253"}],"wp:attachment":[{"href":"https:\/\/emisora.univalle.edu.co\/index.php\/wp-json\/wp\/v2\/media?parent=7252"}],"wp:term":[{"taxonomy":"category","embeddable":true,"href":"https:\/\/emisora.univalle.edu.co\/index.php\/wp-json\/wp\/v2\/categories?post=7252"},{"taxonomy":"post_tag","embeddable":true,"href":"https:\/\/emisora.univalle.edu.co\/index.php\/wp-json\/wp\/v2\/tags?post=7252"}],"curies":[{"name":"wp","href":"https:\/\/api.w.org\/{rel}","templated":true}]}}