{"id":7281,"date":"2015-09-17T16:09:35","date_gmt":"2015-09-17T21:09:35","guid":{"rendered":"https:\/\/emisora.univalle.edu.co\/\/?p=7281"},"modified":"2015-09-17T16:09:35","modified_gmt":"2015-09-17T21:09:35","slug":"secretaria-de-salud-y-universidad-libre-anuncian-creacion-de-la-nueva-ips-rafael-uribe-uribe","status":"publish","type":"post","link":"https:\/\/emisora.univalle.edu.co\/index.php\/secretaria-de-salud-y-universidad-libre-anuncian-creacion-de-la-nueva-ips-rafael-uribe-uribe\/","title":{"rendered":"Secretar\u00eda de Salud y Universidad Libre anuncian creaci\u00f3n de la nueva IPS Rafael Uribe Uribe"},"content":{"rendered":"<p><span style=\"line-height: 1.5em;\">En respuesta a la crisis por la que atraviesa la Cl\u00ednica Rafael Uribe Uribe, con motivo del proceso de liquidaci\u00f3n de la Corporaci\u00f3n Comfenalco Valle-Universidad Libre, Fernando Guti\u00e9rrez Secretario de Salud del Valle del Cauca y el Presidente Nacional de la Universidad Libre, V\u00edctor Hernando Alvarado Ardila, se reunieron para evaluar la situaci\u00f3n y tomar medidas de choque.<\/span><\/p>\n<p>Para el Secretario de Salud del Valle del Cauca Fernando Guti\u00e9rrez la celeridad con la que los directivos de la Universidad Libre afrontaron la crisis que gener\u00f3 la liquidaci\u00f3n de la Corporaci\u00f3n Comfenalco Valle-Universidad Libre es oportuna y espera que se haga la re apertura de\u00a0 la cl\u00ednica la pr\u00f3xima semana.<\/p>\n<p>As\u00ed mismo, Guti\u00e9rrez Guti\u00e9rrez ofreci\u00f3 todo el respaldo necesario para sacar avante el proceso de creaci\u00f3n de la nueva IPS Rafael Uribe Uribe, y la reapertura de Urgencias de la Instituci\u00f3n m\u00e9dica, al tiempo que destac\u00f3\u00a0 la importancia de las 400 camas y los proceso cl\u00ednicos que ofrece este centro\u00a0 hospitalario a la red de salud municipal y departamental. Afirm\u00f3 tambi\u00e9n que ma\u00f1ana mi\u00e9rcoles se reunir\u00e1 con el Ministro de Salud, Alejandro Gaviria, a quien pondr\u00e1 en conocimiento de los positivos avances de este proceso.<\/p>\n<p>El Presidente Nacional de la Universidad Libre V\u00edctor Alvarado Ardila puntualiz\u00f3 que la reapertura de Urgencias de la Cl\u00ednica Rafael Uribe Uribe, se realizar\u00e1 en un plazo menor 8 d\u00edas, \u201cpues ya se est\u00e1 constituyendo la nueva IPS Rafael Uribe Uribe, con la vinculaci\u00f3n del operador Dar\u00edo Bernal Rueda, Consorcio propietario de cl\u00ednicas en Bucaramanga y Cali, y propietario de los Laboratorios Idime\u201d, asever\u00f3 el funcionario.<\/p>\n<p>Alvarado Ardila agreg\u00f3 que en cuanto al tema de los pacientes que han sido trasladados a otros centros hospitalarios, \u00e9ste se realiz\u00f3 con el apoyo de\u00a0 la red hospitalaria local, para no afectar a ninguno de ellos y\u00a0 que en la Rafael Uribe Uribe, permanecen\u00a0 hospitalizados 135 pacientes, a quienes la Cl\u00ednica Desa les est\u00e1 brindando toda la atenci\u00f3n en cuanto a alimentaci\u00f3n, medicamentos y lavander\u00eda, entre otros.<\/p>\n<p>Es importante resaltar\u00a0 que desde la fecha, la Universidad Libre asumi\u00f3 las obligaciones laborales de los 812 empleados directos que tiene la Cl\u00ednica. Igualmente, se garantizar\u00e1 el cumplimiento de las pr\u00e1cticas de los estudiantes de la Facultad de Ciencias de la Salud de la Universidad Libre Seccional Cali, tanto de internistas como de rotaci\u00f3n de los mismos.<\/p>\n<p>Fuente: Comunicaciones Gobernaci\u00f3n<\/p>\n","protected":false},"excerpt":{"rendered":"<p>En respuesta a la crisis por la que atraviesa la Cl\u00ednica Rafael Uribe Uribe, con motivo del proceso de liquidaci\u00f3n de la Corporaci\u00f3n Comfenalco Valle-Universidad Libre, Fernando Guti\u00e9rrez Secretario de Salud del Valle del Cauca y el Presidente Nacional de la Universidad Libre, V\u00edctor Hernando Alvarado Ardila, se reunieron para[&#8230;]<\/p>\n","protected":false},"author":1,"featured_media":7100,"comment_status":"open","ping_status":"open","sticky":false,"template":"","format":"standard","meta":{"footnotes":""},"categories":[4],"tags":[],"_links":{"self":[{"href":"https:\/\/emisora.univalle.edu.co\/index.php\/wp-json\/wp\/v2\/posts\/7281"}],"collection":[{"href":"https:\/\/emisora.univalle.edu.co\/index.php\/wp-json\/wp\/v2\/posts"}],"about":[{"href":"https:\/\/emisora.univalle.edu.co\/index.php\/wp-json\/wp\/v2\/types\/post"}],"author":[{"embeddable":true,"href":"https:\/\/emisora.univalle.edu.co\/index.php\/wp-json\/wp\/v2\/users\/1"}],"replies":[{"embeddable":true,"href":"https:\/\/emisora.univalle.edu.co\/index.php\/wp-json\/wp\/v2\/comments?post=7281"}],"version-history":[{"count":1,"href":"https:\/\/emisora.univalle.edu.co\/index.php\/wp-json\/wp\/v2\/posts\/7281\/revisions"}],"predecessor-version":[{"id":7282,"href":"https:\/\/emisora.univalle.edu.co\/index.php\/wp-json\/wp\/v2\/posts\/7281\/revisions\/7282"}],"wp:featuredmedia":[{"embeddable":true,"href":"https:\/\/emisora.univalle.edu.co\/index.php\/wp-json\/wp\/v2\/media\/7100"}],"wp:attachment":[{"href":"https:\/\/emisora.univalle.edu.co\/index.php\/wp-json\/wp\/v2\/media?parent=7281"}],"wp:term":[{"taxonomy":"category","embeddable":true,"href":"https:\/\/emisora.univalle.edu.co\/index.php\/wp-json\/wp\/v2\/categories?post=7281"},{"taxonomy":"post_tag","embeddable":true,"href":"https:\/\/emisora.univalle.edu.co\/index.php\/wp-json\/wp\/v2\/tags?post=7281"}],"curies":[{"name":"wp","href":"https:\/\/api.w.org\/{rel}","templated":true}]}}