{"id":7287,"date":"2015-09-17T16:16:53","date_gmt":"2015-09-17T21:16:53","guid":{"rendered":"https:\/\/emisora.univalle.edu.co\/\/?p=7287"},"modified":"2015-09-17T16:16:53","modified_gmt":"2015-09-17T21:16:53","slug":"dos-productores-de-univalle-estereo-y-grandes-de-la-salsa-seran-homenajeados-en-el-festival-mundial","status":"publish","type":"post","link":"https:\/\/emisora.univalle.edu.co\/index.php\/dos-productores-de-univalle-estereo-y-grandes-de-la-salsa-seran-homenajeados-en-el-festival-mundial\/","title":{"rendered":"Dos productores de Univalle Est\u00e9reo y grandes de la salsa ser\u00e1n homenajeados en el Festival Mundial"},"content":{"rendered":"<p><span style=\"line-height: 1.5em;\">La presente versi\u00f3n del Festival Mundial de Salsa de Cali est\u00e1 dedica a\u00a0 Alejandro Ulloa, en reconocimiento a\u00a0 su trayectoria en el g\u00e9nero de la salsa en Cali. Este 4 de octubre en la Plaza de Toros de Ca\u00f1averalejo, en la gala final del Festival ser\u00e1 condecorado\u00a0 con la medalla al M\u00e9rito c\u00edvico\u00a0 Santiago de Cali, en la categor\u00eda Honor a M\u00e9rito, por el Alcalde\u00a0 Rodrigo Guerrero Velasco.<\/span><\/p>\n<p>Alejandro Ulloa es profesor de la Escuela de Comunicaci\u00f3n Social de la Universidad del Valle. Licenciado en literatura. Magister en antropolog\u00eda en la Universidad de Campi\u00f1a en Brasil. Es director y productor del programa \u201cLa Salsa ayer y hoy\u201d que se emite por Univalle Est\u00e9reo 105.3 FM, todos los s\u00e1bados de 6 a 8 de la noche.<\/p>\n<p>Estudioso de la salsa y su influencia en Cali, ha testimoniado en textos y en innumerables programas radiales c\u00f3mo la salsa ha sido adoptada por los cale\u00f1os como una expresi\u00f3n propia.<\/p>\n<p>Sabe c\u00f3mo el que m\u00e1s por qu\u00e9 vericuetos ha caminado la salsa, hasta convertirse en patrimonio de la ciudad.<\/p>\n<p>La ha seguido por los establecimientos nocturnos, por los barrios populares, ha contado sobre los procesos sociales que este ritmo ha acompa\u00f1ado y ha notariado de qu\u00e9 forma, hasta la violencia partidista\u00a0 de la \u00e9poca de los \u2018p\u00e1jaros\u2019 ha tenido que ver con la salsa.<\/p>\n<p>De su pluma salen p\u00e1rrafos como este: \u201cUna mariposa de mil colores vuela y danza en cielo propio como la imagen con que se promueve y se reconoce la ciudad hacia dentro y hacia afuera. Un s\u00edmbolo, un patrimonio promisorio, consolidado al fin, en los albores del siglo XXI. Salsa y baile han llegado a ser para Cali como el perfume lo es para las flores. Celebremos y embriagu\u00e9monos con sus aromas\u201d.<\/p>\n<p>Ha publicado varios libros entre los que destacan:<\/p>\n<ul>\n<li>El viejo Willy, una historia contra el olvido, 1994.<\/li>\n<li>San Carlos, te acord\u00e1s hermano. Ganador del concurso \u201cRecuerdos de mi barrio\u201d.<\/li>\n<li>La Salsa en Cali, 1998.<\/li>\n<li>Pagode o festa de samba. 1998.<\/li>\n<li>El baile, un lenguaje del cuerpo, 2003.<\/li>\n<li>Salsa en discusi\u00f3n, diciembre 2008.<\/li>\n<\/ul>\n<p>Asimismo, la Secretar\u00eda de Cultura y Turismo tendr\u00e1 durante la realizaci\u00f3n del X Festival Mundial de Salsa 2015, un espacio en el que se rendir\u00e1 tributo de admiraci\u00f3n a varias personas que por sus ejecutorias han recibido el reconocimiento del p\u00fablico.<\/p>\n<p>Ellos son:<\/p>\n<p>Dar\u00edo Mu\u00f1oz<\/p>\n<p>La historia rumbera de Cali tiene en Dar\u00edo Mu\u00f1oz un nombre que es una leyenda. Ha creado m\u00e1s de 30 sitios desde los a\u00f1os sesenta. Los m\u00e1s reconocidos y emblem\u00e1ticos fueron: \u201cLos Compadres\u201d, un sitio ubicado en Menga, que cambi\u00f3 la historia de la salsa cale\u00f1a. Todav\u00eda mantiene un bar discoteca famoso, Siboney, primero ubicado en la avenida Tercera Norte, y, posteriormente, en Menga.<\/p>\n<p>Dar\u00edo Mu\u00f1oz, tambi\u00e9n es empresario musical, sobre todo de agrupaciones cubanas y salseras. Amigo personal de Celia Cruz, de Jairo Varela y Johnny Pacheco. Por primera vez trajo a La\u00edto a Cali, cantante de la Sonora Matancera. Era uno de los organizadores de la Caseta Carnaval del Norte.<\/p>\n<p>Carlos Paz<\/p>\n<p>Contempor\u00e1neo de Evelio Carabal\u00ed, solista, gran bailar\u00edn, particip\u00f3 en el primer campeonato mundial organizado por Jos\u00e9 Pardo Llada en 1974.<\/p>\n<p>Hoy, es un artista de planta de Delirio, el espect\u00e1culo que se realiza cada mes. Es un estilista y uno de los m\u00e1s veloces con los pies.<\/p>\n<p>Hermes Manyoma<\/p>\n<p>Pertenece a la dinast\u00eda Manyoma, junto con su\u00a0 hermano Wilson Manyoma, han figurado con \u00e9xito en el mundo maravilloso de la Salsa. Manyoma es el fundador, l\u00edder y cantante de la orquesta La Ley, agrupaci\u00f3n representativa de los Festivales de Orquestas en los a\u00f1os 80 y 90.<\/p>\n<p>Todav\u00eda la agrupaci\u00f3n se mantiene, integrada por hijos de Wilson y del propio Hermes, que adem\u00e1s ha hecho una gran labor educativa para que los j\u00f3venes conserven la tradici\u00f3n de la Cali salsera.<\/p>\n<p>Isidoro Corkidi Nacido en Cali, en 1951 Codirector y productor del programa radial \u201cAudici\u00f3n Caribe\u201d, que se emite por Univalle Est\u00e9reo 105.3 FM todos los s\u00e1bados de 2 a 4 de la tarde; al lado de Pablo Delvalle, desde hace 16 a\u00f1os. Director programa radial \u201cDe todo un poco\u201d, desde hace 2 a\u00f1os.<\/p>\n<p>Conferencias en Dax, Francia, Festival Toros y salsa, sobre Jimmy Sabater y H\u00e9ctor Lavoe. Conferencias en La Habana, Cuba, Festival Boleros de Oro. Tito Rodr\u00edguez, Luis \u00c1ngel Silva \u201cMel\u00f3n\u201d, Israel Berr\u00edos, Billos Caracas. Anecdotario del Beny Mor\u00e9, en La Universidad de San Marcos, Lima, Per\u00fa, al lado de Pablo Delvalle.<\/p>\n<p>Club Sonora Matancera de Medell\u00edn, conferencias\u00a0 sobre Yolanda Montez \u201cLa Tongol\u00e9le\u201d, Ismael Rivera, Tito Rodr\u00edguez, Billos Caracas, M\u00e9xico y la m\u00fasica antillana, Tite Curet, Tito Puente. Barranquilla. Conferencias sobre El danz\u00f3n en M\u00e9xico, y La vida de Tite Curet(U. Aut\u00f3noma). Publicaci\u00f3n art\u00edculo sobre Tito Rodr\u00edguez en la\u00a0 revista \u201cLa Canci\u00f3n Popular\u201d, de Ponce, Puerto Rico.<\/p>\n<p>Fundador, participante del evento\u00a0 de Mel\u00f3manos y coleccionistas dentro de la Feria de Cali desde hace 24 a\u00f1os. Asesor y miembro comit\u00e9 conceptual desde hace tres a\u00f1os. Conferencia con Alfredito Linares, dentro del marco de Feria.<\/p>\n<p>Entrevistas a \u201cLa Tongol\u00e9le\u201d, Rey Caney, Amalia Aguilar, \u201cDandy\u201d Rodr\u00edguez, Lucho Macedo, Familia Valera Miranda, \u201cMaraca\u201d Valle, Gerardo Rosales, Orlando Poleo, Memo Salamanca, Alfredo Francesqui, Ela Calvo, Luis \u00c1ngel Silva \u201cMel\u00f3n\u201d, Guillermo Rubalcaba, Ricardo D\u00edaz.<\/p>\n<p>ACME (coleccionistas de Emcali). M\u00fasica negra alrededor del mundo.<\/p>\n<p>Fuente: Comunicaciones Alcald\u00eda<\/p>\n","protected":false},"excerpt":{"rendered":"<p>La presente versi\u00f3n del Festival Mundial de Salsa de Cali est\u00e1 dedica a\u00a0 Alejandro Ulloa, en reconocimiento a\u00a0 su trayectoria en el g\u00e9nero de la salsa en Cali. Este 4 de octubre en la Plaza de Toros de Ca\u00f1averalejo, en la gala final del Festival ser\u00e1 condecorado\u00a0 con la medalla[&#8230;]<\/p>\n","protected":false},"author":1,"featured_media":7270,"comment_status":"open","ping_status":"open","sticky":false,"template":"","format":"standard","meta":{"footnotes":""},"categories":[4],"tags":[],"_links":{"self":[{"href":"https:\/\/emisora.univalle.edu.co\/index.php\/wp-json\/wp\/v2\/posts\/7287"}],"collection":[{"href":"https:\/\/emisora.univalle.edu.co\/index.php\/wp-json\/wp\/v2\/posts"}],"about":[{"href":"https:\/\/emisora.univalle.edu.co\/index.php\/wp-json\/wp\/v2\/types\/post"}],"author":[{"embeddable":true,"href":"https:\/\/emisora.univalle.edu.co\/index.php\/wp-json\/wp\/v2\/users\/1"}],"replies":[{"embeddable":true,"href":"https:\/\/emisora.univalle.edu.co\/index.php\/wp-json\/wp\/v2\/comments?post=7287"}],"version-history":[{"count":1,"href":"https:\/\/emisora.univalle.edu.co\/index.php\/wp-json\/wp\/v2\/posts\/7287\/revisions"}],"predecessor-version":[{"id":7288,"href":"https:\/\/emisora.univalle.edu.co\/index.php\/wp-json\/wp\/v2\/posts\/7287\/revisions\/7288"}],"wp:featuredmedia":[{"embeddable":true,"href":"https:\/\/emisora.univalle.edu.co\/index.php\/wp-json\/wp\/v2\/media\/7270"}],"wp:attachment":[{"href":"https:\/\/emisora.univalle.edu.co\/index.php\/wp-json\/wp\/v2\/media?parent=7287"}],"wp:term":[{"taxonomy":"category","embeddable":true,"href":"https:\/\/emisora.univalle.edu.co\/index.php\/wp-json\/wp\/v2\/categories?post=7287"},{"taxonomy":"post_tag","embeddable":true,"href":"https:\/\/emisora.univalle.edu.co\/index.php\/wp-json\/wp\/v2\/tags?post=7287"}],"curies":[{"name":"wp","href":"https:\/\/api.w.org\/{rel}","templated":true}]}}