{"id":7289,"date":"2015-09-17T16:17:38","date_gmt":"2015-09-17T21:17:38","guid":{"rendered":"https:\/\/emisora.univalle.edu.co\/\/?p=7289"},"modified":"2015-09-17T16:17:38","modified_gmt":"2015-09-17T21:17:38","slug":"traves-de-un-concurso-salud-del-valle-busca-sensibilizar-la-comunidad-sobre-el-mal-uso-de-la-polvora","status":"publish","type":"post","link":"https:\/\/emisora.univalle.edu.co\/index.php\/traves-de-un-concurso-salud-del-valle-busca-sensibilizar-la-comunidad-sobre-el-mal-uso-de-la-polvora\/","title":{"rendered":"A trav\u00e9s de un Concurso Salud del Valle busca sensibilizar a la comunidad sobre el mal uso de la p\u00f3lvora"},"content":{"rendered":"<p><span style=\"line-height: 1.5em;\">Con motivo de la \u00e9poca de fin de a\u00f1o que conlleva\u00a0 actividades como el incremento del uso de la p\u00f3lvora, la Secretar\u00eda de Salud del departamento desarrolla un concurso con la participaci\u00f3n de las instituciones educativas del Valle. \u00a0\u00a0<\/span><\/p>\n<p>\u201cEstamos trabajando en campa\u00f1as de prevenci\u00f3n, este a\u00f1o hemos organizado un concurso con todos los estudiantes de los diversos colegios, p\u00fablicos y privados de los 42 municipios\u201d, inform\u00f3 la subsecretaria de la secretar\u00eda de Salud del Valle, Maria Cristina Lesmes.<\/p>\n<p>La invitaci\u00f3n es a los colegios a organizarse para que a trav\u00e9s de sus diferentes cursos comiencen a pensar en la producci\u00f3n de afiche que ser\u00e1 impreso y distribuido en los meses de octubre, noviembre y diciembre en todo el Valle\u201d, finaliz\u00f3 la subsecretaria.<\/p>\n<p>Inscribirse es muy sencillo, y el premio para los ganadores muy gratificante, consistente en equipos tecnol\u00f3gicos. El prop\u00f3sito del gobierno del Valle es que no se presenten m\u00e1s personas quemadas con p\u00f3lvora en ning\u00fan momento del a\u00f1o.<\/p>\n<p>Los estudiantes y comunidad educativa interesada en participar puede informarse a trav\u00e9s de la p\u00e1gina Web de la Gobernaci\u00f3n del Valle:\u00a0 www.valledelcauca.gov.co\u00a0 e ingresar a la secretar\u00eda de Salud donde encontrar\u00e1n todo sobre el concurso.<\/p>\n<p>Fuente: Comunicaciones Gobernaci\u00f3n<\/p>\n","protected":false},"excerpt":{"rendered":"<p>Con motivo de la \u00e9poca de fin de a\u00f1o que conlleva\u00a0 actividades como el incremento del uso de la p\u00f3lvora, la Secretar\u00eda de Salud del departamento desarrolla un concurso con la participaci\u00f3n de las instituciones educativas del Valle. \u00a0\u00a0 \u201cEstamos trabajando en campa\u00f1as de prevenci\u00f3n, este a\u00f1o hemos organizado un[&#8230;]<\/p>\n","protected":false},"author":1,"featured_media":7272,"comment_status":"open","ping_status":"open","sticky":false,"template":"","format":"standard","meta":{"footnotes":""},"categories":[4],"tags":[],"_links":{"self":[{"href":"https:\/\/emisora.univalle.edu.co\/index.php\/wp-json\/wp\/v2\/posts\/7289"}],"collection":[{"href":"https:\/\/emisora.univalle.edu.co\/index.php\/wp-json\/wp\/v2\/posts"}],"about":[{"href":"https:\/\/emisora.univalle.edu.co\/index.php\/wp-json\/wp\/v2\/types\/post"}],"author":[{"embeddable":true,"href":"https:\/\/emisora.univalle.edu.co\/index.php\/wp-json\/wp\/v2\/users\/1"}],"replies":[{"embeddable":true,"href":"https:\/\/emisora.univalle.edu.co\/index.php\/wp-json\/wp\/v2\/comments?post=7289"}],"version-history":[{"count":1,"href":"https:\/\/emisora.univalle.edu.co\/index.php\/wp-json\/wp\/v2\/posts\/7289\/revisions"}],"predecessor-version":[{"id":7290,"href":"https:\/\/emisora.univalle.edu.co\/index.php\/wp-json\/wp\/v2\/posts\/7289\/revisions\/7290"}],"wp:featuredmedia":[{"embeddable":true,"href":"https:\/\/emisora.univalle.edu.co\/index.php\/wp-json\/wp\/v2\/media\/7272"}],"wp:attachment":[{"href":"https:\/\/emisora.univalle.edu.co\/index.php\/wp-json\/wp\/v2\/media?parent=7289"}],"wp:term":[{"taxonomy":"category","embeddable":true,"href":"https:\/\/emisora.univalle.edu.co\/index.php\/wp-json\/wp\/v2\/categories?post=7289"},{"taxonomy":"post_tag","embeddable":true,"href":"https:\/\/emisora.univalle.edu.co\/index.php\/wp-json\/wp\/v2\/tags?post=7289"}],"curies":[{"name":"wp","href":"https:\/\/api.w.org\/{rel}","templated":true}]}}