{"id":7291,"date":"2015-09-17T16:18:30","date_gmt":"2015-09-17T21:18:30","guid":{"rendered":"https:\/\/emisora.univalle.edu.co\/\/?p=7291"},"modified":"2015-09-17T16:18:30","modified_gmt":"2015-09-17T21:18:30","slug":"partir-de-este-momento-declaro-al-departamento-del-valle-en-calamidad-publica-ubeimar-delgado-blandon","status":"publish","type":"post","link":"https:\/\/emisora.univalle.edu.co\/index.php\/partir-de-este-momento-declaro-al-departamento-del-valle-en-calamidad-publica-ubeimar-delgado-blandon\/","title":{"rendered":"\u201cA partir de este momento declaro al Departamento del Valle en calamidad p\u00fablica\u201d: Ubeimar Delgado Bland\u00f3n"},"content":{"rendered":"<p><span style=\"line-height: 1.5em;\">Santiago de Cali, 16 de Septiembre de 2015. Debido al intenso verano que golpea al Valle del Cauca producto del fen\u00f3meno del ni\u00f1o, el gobernador Ubeimar Delgado Bland\u00f3n declar\u00f3 al Departamento, a partir de ahora, en calamidad p\u00fablica. Las declaraciones fueron dadas en rueda de prensa que se realiz\u00f3 en Cali.<\/span><\/p>\n<p>\u201cCon el objeto de conjurar las situaciones calamitosas que se han venido presentando en los diferentes municipios del departamento, declaro al Valle del Cauca en una situaci\u00f3n de calamidad p\u00fablica. Actualmente nos hemos visto afectados por el fen\u00f3meno del Ni\u00f1o, la temporada seca, los incendios forestales y el estiaje de las cuencas hidrogr\u00e1ficas que abastecen los acueductos de las cabeceras municipales, por consiguiente pedimos a la comunidad vallecaucana racionar el agua potable y denunciar a las manos inescrupulosas que est\u00e1n ocasionando incendios intencionalmente\u201d, anunci\u00f3 el gobernador Ubeimar.<\/p>\n<p>Esta situaci\u00f3n de calamidad p\u00fablica se toma con el objeto de alertar a la ciudadan\u00eda para usar consideradamente el agua potable y no ocasionar incendios o quemas forestales.<\/p>\n<p>El gobernador a\u00f1adi\u00f3 que es preocupante que, seg\u00fan informaci\u00f3n del Cuerpo departamental de Bomberos, la cifra de incendios y casos atendidos hayan superado los 3.000 en los \u00faltimos meses.<\/p>\n<p>Fuente: Comunicaciones Gobernaci\u00f3n<\/p>\n","protected":false},"excerpt":{"rendered":"<p>Santiago de Cali, 16 de Septiembre de 2015. Debido al intenso verano que golpea al Valle del Cauca producto del fen\u00f3meno del ni\u00f1o, el gobernador Ubeimar Delgado Bland\u00f3n declar\u00f3 al Departamento, a partir de ahora, en calamidad p\u00fablica. Las declaraciones fueron dadas en rueda de prensa que se realiz\u00f3 en[&#8230;]<\/p>\n","protected":false},"author":1,"featured_media":7279,"comment_status":"open","ping_status":"open","sticky":false,"template":"","format":"standard","meta":{"footnotes":""},"categories":[4],"tags":[],"_links":{"self":[{"href":"https:\/\/emisora.univalle.edu.co\/index.php\/wp-json\/wp\/v2\/posts\/7291"}],"collection":[{"href":"https:\/\/emisora.univalle.edu.co\/index.php\/wp-json\/wp\/v2\/posts"}],"about":[{"href":"https:\/\/emisora.univalle.edu.co\/index.php\/wp-json\/wp\/v2\/types\/post"}],"author":[{"embeddable":true,"href":"https:\/\/emisora.univalle.edu.co\/index.php\/wp-json\/wp\/v2\/users\/1"}],"replies":[{"embeddable":true,"href":"https:\/\/emisora.univalle.edu.co\/index.php\/wp-json\/wp\/v2\/comments?post=7291"}],"version-history":[{"count":1,"href":"https:\/\/emisora.univalle.edu.co\/index.php\/wp-json\/wp\/v2\/posts\/7291\/revisions"}],"predecessor-version":[{"id":7292,"href":"https:\/\/emisora.univalle.edu.co\/index.php\/wp-json\/wp\/v2\/posts\/7291\/revisions\/7292"}],"wp:featuredmedia":[{"embeddable":true,"href":"https:\/\/emisora.univalle.edu.co\/index.php\/wp-json\/wp\/v2\/media\/7279"}],"wp:attachment":[{"href":"https:\/\/emisora.univalle.edu.co\/index.php\/wp-json\/wp\/v2\/media?parent=7291"}],"wp:term":[{"taxonomy":"category","embeddable":true,"href":"https:\/\/emisora.univalle.edu.co\/index.php\/wp-json\/wp\/v2\/categories?post=7291"},{"taxonomy":"post_tag","embeddable":true,"href":"https:\/\/emisora.univalle.edu.co\/index.php\/wp-json\/wp\/v2\/tags?post=7291"}],"curies":[{"name":"wp","href":"https:\/\/api.w.org\/{rel}","templated":true}]}}