{"id":7293,"date":"2015-09-17T16:19:19","date_gmt":"2015-09-17T21:19:19","guid":{"rendered":"https:\/\/emisora.univalle.edu.co\/\/?p=7293"},"modified":"2015-09-17T16:19:19","modified_gmt":"2015-09-17T21:19:19","slug":"arranca-el-rodaje-de-puerto-creativo-en-buenaventura","status":"publish","type":"post","link":"https:\/\/emisora.univalle.edu.co\/index.php\/arranca-el-rodaje-de-puerto-creativo-en-buenaventura\/","title":{"rendered":"Arranca el rodaje de \u2018Puerto Creativo\u2019 en Buenaventura"},"content":{"rendered":"<p><span style=\"line-height: 1.5em;\">Con el apoyo del Ministerio de Cultura del 17 al 26 de septiembre se realizar\u00e1 la etapa de creaci\u00f3n colectiva y rodaje de este laboratorio audiovisual entre emprendedores de Buenaventura, que dar\u00e1 como resultado una serie web<\/span><\/p>\n<p>Durante 10 d\u00edas trabajar\u00e1n en conjunto cinco tutores y un total de veinte\u00a0 emprendedores y emprendedoras de Buenaventura, Cali, Corinto y Santander de Quilichao para la realizaci\u00f3n y el montaje de una plataforma web que soportar\u00e1 una serie audiovisual. La propuesta,\u00a0 para el desarrollo de la serie web, que fue elegida por los jurados durante la etapa de \u2018Pre Lab\u2019, a partir de la presentaci\u00f3n mediante \u2018Picth\u2019 de cuatro propuesta desarrolladas en ese misma etapa, busca hacer visibles ciertas actitudes, procesos o movimientos de resistencias propios de Buenaventura bas\u00e1ndose en personajes espec\u00edficos que representan labores de las din\u00e1micas de este espacio.<\/p>\n<p>Dicha propuesta creativa ser\u00e1 puesta sobre la mesa de trabajo para ser modificada y transformada con la compa\u00f1\u00eda de los tutores, la experiencia en campo, realizada entre la etapa de \u2018Pre Lab\u2019 y laboratorio, y el intercambio con los participantes por parte del equipo de producci\u00f3n y tutores. Los diez d\u00edas se desarrollar\u00e1n a trav\u00e9s de sesiones de trabajo variadas entre mesas de creaci\u00f3n, proyecciones, charlas magistrales y espacios l\u00fadicos como encuentros para fortalecer y generar nuevas afinidades.<\/p>\n<p>Gerylee Polanco, tutora del \u00e1rea de producci\u00f3n coment\u00f3 a partir de la experiencia del \u2018Pre Lab\u2019 que \u201chan sido d\u00edas de trabajo de inmersi\u00f3n que han permitido concentrarse en trabajar colaborativamente a partir de las ideas de todos. La abundancia creativa y la diversidad de edades y campos, permite entrelazar de una manera genuina, sin forzar, el contenido final\u201d.<\/p>\n<p>El laboratorio partir\u00e1 de crear en conjunto una ruta de trabajo la cual se dividir\u00e1 en frentes de trabajo creativo como lo son \u00a0los campos de audiovisual, dise\u00f1o gr\u00e1fico y digital; la producci\u00f3n ejecutiva, la gesti\u00f3n de contenidos digitales y el emprendimiento cultural.<\/p>\n<p>Puerto Creativo cuenta con un plana de tutores interdisciplinares entre los que podemos contar con Juan Felipe Rayo, sonidista y editor sonoro del largometraje \u2018La Tierra y la Sombra\u2019, del director C\u00e9sar Acevedo, la primera C\u00e1mara de Oro para Colombia otorgada por el Festival de Cine de Cannes.\u00a0 Eduardo Montenegro, Realizador audiovisual, gestor cultural y fundador de Tikal Producciones, quien recientemente fue coproductor de Matachind\u00e9 ganador del Premio India Catalina 2015.\u00a0 Para la tutor\u00eda de Edici\u00f3n y montaje el encargado ser\u00e1 Paul Donneys, Comunicador Social, vide\u00f3grafo, editor y montajista de producciones audiovisuales de la Escuela de Comunicaci\u00f3n Social de la Universidad del Valle. Adem\u00e1s, nos acompa\u00f1ar\u00e1n Mateo Guzm\u00e1n, director de fotograf\u00eda de \u201cLa tierra y la Sombra\u201d, y Gerylee Polanco Uribe, productora y\u00a0 socia fundadora de Contrav\u00eda Films con la que ha producido los largometrajes, \u2018El Vuelco del Cangrejo\u2019 (Premio Fispreci Festival Berlin 2009), \u2018La Sirga\u2019 (estreno Festival Cannes 2012), \u2018Los Hongos\u2019 (Premio especial del Jurado Festival Locarno 2014) y \u2018Siembra\u2019 (estreno Festival Locarno 2015).<\/p>\n<p>El laboratorio se desarrollar\u00e1 en diferentes puntos de la ciudad de Buenaventura, y tendr\u00e1 sede en La Escuela Taller de la misma a ciudad hasta el 26 de septiembre.<\/p>\n<p>Fuente: Comunicaciones MinCultura<\/p>\n","protected":false},"excerpt":{"rendered":"<p>Con el apoyo del Ministerio de Cultura del 17 al 26 de septiembre se realizar\u00e1 la etapa de creaci\u00f3n colectiva y rodaje de este laboratorio audiovisual entre emprendedores de Buenaventura, que dar\u00e1 como resultado una serie web Durante 10 d\u00edas trabajar\u00e1n en conjunto cinco tutores y un total de veinte\u00a0[&#8230;]<\/p>\n","protected":false},"author":1,"featured_media":7278,"comment_status":"open","ping_status":"open","sticky":false,"template":"","format":"standard","meta":{"footnotes":""},"categories":[4],"tags":[],"_links":{"self":[{"href":"https:\/\/emisora.univalle.edu.co\/index.php\/wp-json\/wp\/v2\/posts\/7293"}],"collection":[{"href":"https:\/\/emisora.univalle.edu.co\/index.php\/wp-json\/wp\/v2\/posts"}],"about":[{"href":"https:\/\/emisora.univalle.edu.co\/index.php\/wp-json\/wp\/v2\/types\/post"}],"author":[{"embeddable":true,"href":"https:\/\/emisora.univalle.edu.co\/index.php\/wp-json\/wp\/v2\/users\/1"}],"replies":[{"embeddable":true,"href":"https:\/\/emisora.univalle.edu.co\/index.php\/wp-json\/wp\/v2\/comments?post=7293"}],"version-history":[{"count":1,"href":"https:\/\/emisora.univalle.edu.co\/index.php\/wp-json\/wp\/v2\/posts\/7293\/revisions"}],"predecessor-version":[{"id":7294,"href":"https:\/\/emisora.univalle.edu.co\/index.php\/wp-json\/wp\/v2\/posts\/7293\/revisions\/7294"}],"wp:featuredmedia":[{"embeddable":true,"href":"https:\/\/emisora.univalle.edu.co\/index.php\/wp-json\/wp\/v2\/media\/7278"}],"wp:attachment":[{"href":"https:\/\/emisora.univalle.edu.co\/index.php\/wp-json\/wp\/v2\/media?parent=7293"}],"wp:term":[{"taxonomy":"category","embeddable":true,"href":"https:\/\/emisora.univalle.edu.co\/index.php\/wp-json\/wp\/v2\/categories?post=7293"},{"taxonomy":"post_tag","embeddable":true,"href":"https:\/\/emisora.univalle.edu.co\/index.php\/wp-json\/wp\/v2\/tags?post=7293"}],"curies":[{"name":"wp","href":"https:\/\/api.w.org\/{rel}","templated":true}]}}