{"id":7308,"date":"2015-09-18T15:36:41","date_gmt":"2015-09-18T20:36:41","guid":{"rendered":"https:\/\/emisora.univalle.edu.co\/\/?p=7308"},"modified":"2015-09-18T15:36:41","modified_gmt":"2015-09-18T20:36:41","slug":"calle-del-arte-20-anos-de-patrimonio-cultural-material-e-inmaterial","status":"publish","type":"post","link":"https:\/\/emisora.univalle.edu.co\/index.php\/calle-del-arte-20-anos-de-patrimonio-cultural-material-e-inmaterial\/","title":{"rendered":"Calle del Arte, 20 a\u00f1os de patrimonio cultural, material e inmaterial"},"content":{"rendered":"<p>Este s\u00e1bado 19 de septiembre, cale\u00f1os y turistas podr\u00e1n recorrer el Centro Hist\u00f3rico de Cali, disfrutando por d\u00e9cima segunda vez consecutiva del tradicional evento denominado \u2018La calle del arte\u2019, que re\u00fane a m\u00e1s de 200 artistas, entre expositores, bailarines, bailadores, pintores, teatreros, chefs y carnavaleros.<\/p>\n<p>La Fundaci\u00f3n Crearte, la Secretar\u00eda de Cultura y Turismo Municipal y el Fondo Mixto para la Promoci\u00f3n de las Artes del Valle del Cauca, invitan a todos los cale\u00f1os a participar de este evento, que busca visibilizar, fortalecer y difundir el patrimonio cultural, material e inmaterial de la ciudad.<\/p>\n<p>La Calle del Arte permite posicionar a sus participantes, garantiz\u00e1ndoles su funcionamiento a trav\u00e9s de la oferta cultural de Cali, lo que les brinda posicionamiento de marca y moviliza el desarrollo cultural y econ\u00f3mico del sector.<\/p>\n<p>La programaci\u00f3n cultural y musical\u00a0 ser\u00e1 variada y los asistentes podr\u00e1n apreciar la escuela de cuenter\u00eda\u00a0 Pintasue\u00f1os\u00a0 Jaime Paredes, dueto del maestro Carlos Burbano, Tr\u00edo los Rom\u00e1nticos, Folclor del Llano con Miller Santanilla, Hauri Runa, Pac\u00edfico Fusi\u00f3n con Gustavo Escobar, los Hijos del Pollo Burbano, entre otras actividades.<\/p>\n<p>Las mismas estar\u00e1n disponibles al p\u00fablico desde las 10:00 a.m. hasta las 10:00 p.m., en el Centro Hist\u00f3rico de Cali, especialmente\u00a0 \u00a0en los corredores y plazoletas del Centro Cultural de Cali, carrera 5\u00a0 con calles 6 y 7.<\/p>\n<p>La Calle del Arte 2015, 20 a\u00f1os de historia, cam\u00ednela y disfr\u00fatela en compa\u00f1\u00eda.\u00a0 <a href=\"https:\/\/youtu.be\/PmdQ0rKFz9s\">https:\/\/youtu.be\/PmdQ0rKFz9s<\/a>}<\/p>\n<p>Fuente: Comunicaciones Alcald\u00eda<\/p>\n","protected":false},"excerpt":{"rendered":"<p>Este s\u00e1bado 19 de septiembre, cale\u00f1os y turistas podr\u00e1n recorrer el Centro Hist\u00f3rico de Cali, disfrutando por d\u00e9cima segunda vez consecutiva del tradicional evento denominado \u2018La calle del arte\u2019, que re\u00fane a m\u00e1s de 200 artistas, entre expositores, bailarines, bailadores, pintores, teatreros, chefs y carnavaleros. La Fundaci\u00f3n Crearte, la Secretar\u00eda[&#8230;]<\/p>\n","protected":false},"author":1,"featured_media":7301,"comment_status":"open","ping_status":"open","sticky":false,"template":"","format":"standard","meta":{"footnotes":""},"categories":[4],"tags":[],"_links":{"self":[{"href":"https:\/\/emisora.univalle.edu.co\/index.php\/wp-json\/wp\/v2\/posts\/7308"}],"collection":[{"href":"https:\/\/emisora.univalle.edu.co\/index.php\/wp-json\/wp\/v2\/posts"}],"about":[{"href":"https:\/\/emisora.univalle.edu.co\/index.php\/wp-json\/wp\/v2\/types\/post"}],"author":[{"embeddable":true,"href":"https:\/\/emisora.univalle.edu.co\/index.php\/wp-json\/wp\/v2\/users\/1"}],"replies":[{"embeddable":true,"href":"https:\/\/emisora.univalle.edu.co\/index.php\/wp-json\/wp\/v2\/comments?post=7308"}],"version-history":[{"count":1,"href":"https:\/\/emisora.univalle.edu.co\/index.php\/wp-json\/wp\/v2\/posts\/7308\/revisions"}],"predecessor-version":[{"id":7309,"href":"https:\/\/emisora.univalle.edu.co\/index.php\/wp-json\/wp\/v2\/posts\/7308\/revisions\/7309"}],"wp:featuredmedia":[{"embeddable":true,"href":"https:\/\/emisora.univalle.edu.co\/index.php\/wp-json\/wp\/v2\/media\/7301"}],"wp:attachment":[{"href":"https:\/\/emisora.univalle.edu.co\/index.php\/wp-json\/wp\/v2\/media?parent=7308"}],"wp:term":[{"taxonomy":"category","embeddable":true,"href":"https:\/\/emisora.univalle.edu.co\/index.php\/wp-json\/wp\/v2\/categories?post=7308"},{"taxonomy":"post_tag","embeddable":true,"href":"https:\/\/emisora.univalle.edu.co\/index.php\/wp-json\/wp\/v2\/tags?post=7308"}],"curies":[{"name":"wp","href":"https:\/\/api.w.org\/{rel}","templated":true}]}}