{"id":7312,"date":"2015-09-18T15:38:31","date_gmt":"2015-09-18T20:38:31","guid":{"rendered":"https:\/\/emisora.univalle.edu.co\/\/?p=7312"},"modified":"2015-09-18T15:38:31","modified_gmt":"2015-09-18T20:38:31","slug":"con-exito-finalizo-el-festival-internacional-de-literatura-en-la-biblioteca-departamental","status":"publish","type":"post","link":"https:\/\/emisora.univalle.edu.co\/index.php\/con-exito-finalizo-el-festival-internacional-de-literatura-en-la-biblioteca-departamental\/","title":{"rendered":"Con \u00e9xito finaliz\u00f3 el Festival Internacional de Literatura en la Biblioteca departamental"},"content":{"rendered":"<p><span style=\"line-height: 1.5em;\">Con \u00e9xito clausur\u00f3 el primer Festival Internacional de Literatura realizado por la Biblioteca departamental Jorge Garc\u00e9s Borrero. El evento estuvo acompa\u00f1ado por la secretaria de cultura departamental, varios escritores y toda la comunidad gestora.<\/span><\/p>\n<p>La directora de la entidad Beatriz Otero Castro, indic\u00f3 que \u201cel orgullo que sentimos es mucho al ver nuestras instalaciones llenas de amantes de la lectura, de la literatura, de los libros. Este evento lo realizamos gracias al apoyo de la administraci\u00f3n departamental y hoy podemos dar un buen balance porque recibimos m\u00e1s de los espectadores que pens\u00e1bamos. Ya tenemos todos preparado con el comit\u00e9 organizador para el pr\u00f3ximo a\u00f1o darle continuidad a este evento tan importante para el desarrollo cultural del departamento\u201d.<\/p>\n<p>Por su parte la secretaria de cultura departamental Ana Mar\u00eda Jaramillo, manifest\u00f3 que \u201ceste tipo de iniciativas son las que nosotros como administraci\u00f3n debemos seguir apoyando y aplaudiendo, porque aparte de que promueven los buenos h\u00e1bitos culturales en la juventud vallecaucana, ayudan a mejorar la sociedad de la regi\u00f3n\u201d.<\/p>\n<p>En el marco del evento se present\u00f3 el video oficial de los 62 a\u00f1os de la Biblioteca.<\/p>\n<p>La Gobernaci\u00f3n del Valle del Cauca en su plan de desarrollo, ha tenido como prioridad las instituciones culturales que incentivan en la juventud la pasi\u00f3n por el arte.<\/p>\n","protected":false},"excerpt":{"rendered":"<p>Con \u00e9xito clausur\u00f3 el primer Festival Internacional de Literatura realizado por la Biblioteca departamental Jorge Garc\u00e9s Borrero. El evento estuvo acompa\u00f1ado por la secretaria de cultura departamental, varios escritores y toda la comunidad gestora. La directora de la entidad Beatriz Otero Castro, indic\u00f3 que \u201cel orgullo que sentimos es mucho[&#8230;]<\/p>\n","protected":false},"author":1,"featured_media":7303,"comment_status":"open","ping_status":"open","sticky":false,"template":"","format":"standard","meta":{"footnotes":""},"categories":[4],"tags":[],"_links":{"self":[{"href":"https:\/\/emisora.univalle.edu.co\/index.php\/wp-json\/wp\/v2\/posts\/7312"}],"collection":[{"href":"https:\/\/emisora.univalle.edu.co\/index.php\/wp-json\/wp\/v2\/posts"}],"about":[{"href":"https:\/\/emisora.univalle.edu.co\/index.php\/wp-json\/wp\/v2\/types\/post"}],"author":[{"embeddable":true,"href":"https:\/\/emisora.univalle.edu.co\/index.php\/wp-json\/wp\/v2\/users\/1"}],"replies":[{"embeddable":true,"href":"https:\/\/emisora.univalle.edu.co\/index.php\/wp-json\/wp\/v2\/comments?post=7312"}],"version-history":[{"count":1,"href":"https:\/\/emisora.univalle.edu.co\/index.php\/wp-json\/wp\/v2\/posts\/7312\/revisions"}],"predecessor-version":[{"id":7313,"href":"https:\/\/emisora.univalle.edu.co\/index.php\/wp-json\/wp\/v2\/posts\/7312\/revisions\/7313"}],"wp:featuredmedia":[{"embeddable":true,"href":"https:\/\/emisora.univalle.edu.co\/index.php\/wp-json\/wp\/v2\/media\/7303"}],"wp:attachment":[{"href":"https:\/\/emisora.univalle.edu.co\/index.php\/wp-json\/wp\/v2\/media?parent=7312"}],"wp:term":[{"taxonomy":"category","embeddable":true,"href":"https:\/\/emisora.univalle.edu.co\/index.php\/wp-json\/wp\/v2\/categories?post=7312"},{"taxonomy":"post_tag","embeddable":true,"href":"https:\/\/emisora.univalle.edu.co\/index.php\/wp-json\/wp\/v2\/tags?post=7312"}],"curies":[{"name":"wp","href":"https:\/\/api.w.org\/{rel}","templated":true}]}}